{"id":5047,"date":"2023-05-11T18:00:22","date_gmt":"2023-05-11T18:00:22","guid":{"rendered":"https:\/\/dentalestetikcenter.com\/?p=5047"},"modified":"2024-09-05T18:12:32","modified_gmt":"2024-09-05T18:12:32","slug":"sosyal-medya-paylasimlari-dis-estetigine-ilgiyi-arttirdi","status":"publish","type":"post","link":"https:\/\/dentalestetikcenter.com\/en\/social-media-posts-increased-interest-in-dental-aesthetics\/","title":{"rendered":"Social Media Posts Increased Interest in Dental Aesthetics"},"content":{"rendered":"<div data-elementor-type=\"wp-post\" data-elementor-id=\"5047\" class=\"elementor elementor-5047\" data-elementor-post-type=\"post\">\n\t\t\t\t<div class=\"elementor-element elementor-element-c972a52 e-flex e-con-boxed e-con e-parent\" data-id=\"c972a52\" data-element_type=\"container\" data-settings=\"{&quot;_ha_eqh_enable&quot;:false}\" data-core-v316-plus=\"true\">\n\t\t\t\t\t<div class=\"e-con-inner\">\n\t\t\t\t<div class=\"elementor-element elementor-element-6a037c3 elementor-widget elementor-widget-text-editor\" data-id=\"6a037c3\" data-element_type=\"widget\" data-widget_type=\"text-editor.default\">\n\t\t\t\t<div class=\"elementor-widget-container\">\n\t\t\t<style>\/*! elementor - v3.20.0 - 26-03-2024 *\/\n.elementor-widget-text-editor.elementor-drop-cap-view-stacked .elementor-drop-cap{background-color:#69727d;color:#fff}.elementor-widget-text-editor.elementor-drop-cap-view-framed .elementor-drop-cap{color:#69727d;border:3px solid;background-color:transparent}.elementor-widget-text-editor:not(.elementor-drop-cap-view-default) .elementor-drop-cap{margin-top:8px}.elementor-widget-text-editor:not(.elementor-drop-cap-view-default) .elementor-drop-cap-letter{width:1em;height:1em}.elementor-widget-text-editor .elementor-drop-cap{float:left;text-align:center;line-height:1;font-size:50px}.elementor-widget-text-editor .elementor-drop-cap-letter{display:inline-block}<\/style>\t\t\t\t<p>Dentist G\u00fczin K\u0131rsa\u00e7l\u0131o\u011flu says, \u201cWith the increase in social media use, dental aesthetics have become an important issue for those who share their photos today.\u201d<\/p><h2>What is the reason why dental aesthetics has gained importance in recent years?<\/h2><p>In addition to mechanical digestion, our teeth, which are indispensable for the function of converting sound into speech, are an organ that determines our appearance in social life, gives information about our personality and even our current mental state. For this reason, dental health and dental aesthetics are extremely important. In other words, teeth are the showcase of our mouth, which is our communication organ. This showcase should be suitable for our communication style. With the increase in social media use, dental aesthetics have become important for everyone who shares their photos today. Therefore, dental aesthetics has started to be kept in the foreground a lot.<\/p><h2>Could you give us information about Emotional Dentistry, which you present on international platforms?<\/h2><p>The most important issue in aesthetic dentistry is to determine the patient's expectations and fears. A person has 3 types of perception systems: visual, auditory and tactile. A tooth that looks visually beautiful can be quite disturbing to the patient in the tactile field. Emotional Dentistry. is actually an intuitive concept of aesthetic dentistry. Teeth are touched, spoken, bitten. They laugh, they are like an instrument. Change and happiness are inevitable with Emotional Dentistry; because our patients whose teeth are repaired gain self-confidence and regain their dental health. In fact, I have had patients who I treated with psychological support for this reason. For this reason, it gives our patients the chance to show their happy smile from the front with the Mock-Up method.<\/p><h2>What kind of method is Mock-Up?<\/h2><p>In the Mock-Up method, after taking photos of our patient, we analyze them and determine their needs. Lightening the tooth color, changing the gum level, porcelain laminate, Emax coating or wire-free orthodontics? What will your new smile look like when these are done? Mock-Up. are temporary teeth where our patient will see and feel their new smile.<\/p><h2>What is different about Emotional Dentistry?<\/h2><p>The difference of Emotional Dentistry is to see the patient's characteristics, perception and facial structure, in other words, everything as a whole, and to perform a personalized treatment accordingly. Just taking an approach such as whether the color and shape of the tooth suits the face does not make the patient happy in this regard. Therefore, emotional dentistry says that when you make a tooth, you have a design that will fulfill all these functions.<\/p>\t\t\t\t\t\t<\/div>\n\t\t\t\t<\/div>\n\t\t\t\t\t<\/div>\n\t\t\t\t<\/div>\n\t\t\t\t<\/div>","protected":false},"excerpt":{"rendered":"<p>Di\u015f hekimi G\u00fczin K\u0131rsa\u00e7l\u0131o\u011flu &#8220;sosyal medya kullan\u0131m\u0131n\u0131n artmas\u0131yla g\u00fcn\u00fcm\u00fczde foto\u011fraflar\u0131n\u0131 payla\u015fanlar i\u00e7in di\u015f esteti\u011fi \u00f6nemli bir yer edindi&#8221; diyor. Di\u015f esteti\u011finin son d\u00f6nemlerde \u00f6nem kazanmas\u0131n\u0131n sebebi nedir? Mekanik sindirimin yan\u0131 s\u0131ra sesin s\u00f6ze d\u00f6n\u00fc\u015fmesi i\u015flevinin vazge\u00e7ilmezi olan di\u015flerimiz, sosyal hayatta g\u00f6r\u00fcn\u00fcm\u00fcm\u00fcz\u00fc belirleyen, ki\u015fili\u011fimiz ve hatta o anki ruhsal durumumuz hakk\u0131nda bilgi veren bir organ\u0131m\u0131z. Bu [&hellip;]<\/p>","protected":false},"author":1,"featured_media":5048,"comment_status":"closed","ping_status":"open","sticky":false,"template":"","format":"standard","meta":{"content-type":"","footnotes":""},"categories":[22],"tags":[],"class_list":["post-5047","post","type-post","status-publish","format-standard","has-post-thumbnail","hentry","category-basinda-biz"],"yoast_head":"<!-- This site is optimized with the Yoast SEO plugin v23.3 - https:\/\/yoast.com\/wordpress\/plugins\/seo\/ -->\n<title>Sosyal Medya Payla\u015f\u0131mlar\u0131 Di\u015f Esteti\u011fine \u0130lgiyi Artt\u0131rd\u0131 - Dental Estetik Center<\/title>\n<meta name=\"description\" content=\"Di\u015f hekimi G\u00fczin K\u0131rsa\u00e7l\u0131o\u011flu &quot;sosyal medya kullan\u0131m\u0131n\u0131n artmas\u0131yla g\u00fcn\u00fcm\u00fczde foto\u011fraflar\u0131n\u0131 payla\u015fanlar i\u00e7in di\u015f esteti\u011fi \u00f6nemli bir yer edindi&quot; diyor.\" \/>\n<meta name=\"robots\" content=\"index, follow, max-snippet:-1, max-image-preview:large, max-video-preview:-1\" \/>\n<link rel=\"canonical\" href=\"https:\/\/dentalestetikcenter.com\/en\/social-media-posts-increased-interest-in-dental-aesthetics\/\" \/>\n<meta property=\"og:locale\" content=\"en_US\" \/>\n<meta property=\"og:type\" content=\"article\" \/>\n<meta property=\"og:title\" content=\"Sosyal Medya Payla\u015f\u0131mlar\u0131 Di\u015f Esteti\u011fine \u0130lgiyi Artt\u0131rd\u0131 - Dental Estetik Center\" \/>\n<meta property=\"og:description\" content=\"Di\u015f hekimi G\u00fczin K\u0131rsa\u00e7l\u0131o\u011flu &quot;sosyal medya kullan\u0131m\u0131n\u0131n artmas\u0131yla g\u00fcn\u00fcm\u00fczde foto\u011fraflar\u0131n\u0131 payla\u015fanlar i\u00e7in di\u015f esteti\u011fi \u00f6nemli bir yer edindi&quot; diyor.\" \/>\n<meta property=\"og:url\" content=\"https:\/\/dentalestetikcenter.com\/en\/social-media-posts-increased-interest-in-dental-aesthetics\/\" \/>\n<meta property=\"og:site_name\" content=\"Dental Estetik Center\" \/>\n<meta property=\"article:published_time\" content=\"2023-05-11T18:00:22+00:00\" \/>\n<meta property=\"article:modified_time\" content=\"2024-09-05T18:12:32+00:00\" \/>\n<meta property=\"og:image\" content=\"https:\/\/dentalestetikcenter.com\/wp-content\/uploads\/2024\/09\/sosyal-medya-dis-estetigi.webp\" \/>\n\t<meta property=\"og:image:width\" content=\"707\" \/>\n\t<meta property=\"og:image:height\" content=\"753\" \/>\n\t<meta property=\"og:image:type\" content=\"image\/webp\" \/>\n<meta name=\"author\" content=\"Dental\" \/>\n<meta name=\"twitter:card\" content=\"summary_large_image\" \/>\n<meta name=\"twitter:label1\" content=\"Written by\" \/>\n\t<meta name=\"twitter:data1\" content=\"Dental\" \/>\n\t<meta name=\"twitter:label2\" content=\"Est. reading time\" \/>\n\t<meta name=\"twitter:data2\" content=\"2 minutes\" \/>\n<script type=\"application\/ld+json\" class=\"yoast-schema-graph\">{\"@context\":\"https:\/\/schema.org\",\"@graph\":[{\"@type\":\"Article\",\"@id\":\"https:\/\/dentalestetikcenter.com\/sosyal-medya-paylasimlari-dis-estetigine-ilgiyi-arttirdi\/#article\",\"isPartOf\":{\"@id\":\"https:\/\/dentalestetikcenter.com\/sosyal-medya-paylasimlari-dis-estetigine-ilgiyi-arttirdi\/\"},\"author\":{\"name\":\"Dental\",\"@id\":\"https:\/\/dentalestetikcenter.com\/#\/schema\/person\/2bc9935f3bbe90e820df8c8f8e6a56bd\"},\"headline\":\"Sosyal Medya Payla\u015f\u0131mlar\u0131 Di\u015f Esteti\u011fine \u0130lgiyi Artt\u0131rd\u0131\",\"datePublished\":\"2023-05-11T18:00:22+00:00\",\"dateModified\":\"2024-09-05T18:12:32+00:00\",\"mainEntityOfPage\":{\"@id\":\"https:\/\/dentalestetikcenter.com\/sosyal-medya-paylasimlari-dis-estetigine-ilgiyi-arttirdi\/\"},\"wordCount\":502,\"publisher\":{\"@id\":\"https:\/\/dentalestetikcenter.com\/#organization\"},\"image\":{\"@id\":\"https:\/\/dentalestetikcenter.com\/sosyal-medya-paylasimlari-dis-estetigine-ilgiyi-arttirdi\/#primaryimage\"},\"thumbnailUrl\":\"https:\/\/dentalestetikcenter.com\/wp-content\/uploads\/2024\/09\/sosyal-medya-dis-estetigi.webp\",\"articleSection\":[\"Bas\u0131nda Biz\"],\"inLanguage\":\"en-US\"},{\"@type\":\"WebPage\",\"@id\":\"https:\/\/dentalestetikcenter.com\/sosyal-medya-paylasimlari-dis-estetigine-ilgiyi-arttirdi\/\",\"url\":\"https:\/\/dentalestetikcenter.com\/sosyal-medya-paylasimlari-dis-estetigine-ilgiyi-arttirdi\/\",\"name\":\"Sosyal Medya Payla\u015f\u0131mlar\u0131 Di\u015f Esteti\u011fine \u0130lgiyi Artt\u0131rd\u0131 - Dental Estetik Center\",\"isPartOf\":{\"@id\":\"https:\/\/dentalestetikcenter.com\/#website\"},\"primaryImageOfPage\":{\"@id\":\"https:\/\/dentalestetikcenter.com\/sosyal-medya-paylasimlari-dis-estetigine-ilgiyi-arttirdi\/#primaryimage\"},\"image\":{\"@id\":\"https:\/\/dentalestetikcenter.com\/sosyal-medya-paylasimlari-dis-estetigine-ilgiyi-arttirdi\/#primaryimage\"},\"thumbnailUrl\":\"https:\/\/dentalestetikcenter.com\/wp-content\/uploads\/2024\/09\/sosyal-medya-dis-estetigi.webp\",\"datePublished\":\"2023-05-11T18:00:22+00:00\",\"dateModified\":\"2024-09-05T18:12:32+00:00\",\"description\":\"Di\u015f hekimi G\u00fczin K\u0131rsa\u00e7l\u0131o\u011flu \\\"sosyal medya kullan\u0131m\u0131n\u0131n artmas\u0131yla g\u00fcn\u00fcm\u00fczde foto\u011fraflar\u0131n\u0131 payla\u015fanlar i\u00e7in di\u015f esteti\u011fi \u00f6nemli bir yer edindi\\\" diyor.\",\"breadcrumb\":{\"@id\":\"https:\/\/dentalestetikcenter.com\/sosyal-medya-paylasimlari-dis-estetigine-ilgiyi-arttirdi\/#breadcrumb\"},\"inLanguage\":\"en-US\",\"potentialAction\":[{\"@type\":\"ReadAction\",\"target\":[\"https:\/\/dentalestetikcenter.com\/sosyal-medya-paylasimlari-dis-estetigine-ilgiyi-arttirdi\/\"]}]},{\"@type\":\"ImageObject\",\"inLanguage\":\"en-US\",\"@id\":\"https:\/\/dentalestetikcenter.com\/sosyal-medya-paylasimlari-dis-estetigine-ilgiyi-arttirdi\/#primaryimage\",\"url\":\"https:\/\/dentalestetikcenter.com\/wp-content\/uploads\/2024\/09\/sosyal-medya-dis-estetigi.webp\",\"contentUrl\":\"https:\/\/dentalestetikcenter.com\/wp-content\/uploads\/2024\/09\/sosyal-medya-dis-estetigi.webp\",\"width\":707,\"height\":753},{\"@type\":\"BreadcrumbList\",\"@id\":\"https:\/\/dentalestetikcenter.com\/sosyal-medya-paylasimlari-dis-estetigine-ilgiyi-arttirdi\/#breadcrumb\",\"itemListElement\":[{\"@type\":\"ListItem\",\"position\":1,\"name\":\"Ana Sayfa\",\"item\":\"https:\/\/dentalestetikcenter.com\/\"},{\"@type\":\"ListItem\",\"position\":2,\"name\":\"Sosyal Medya Payla\u015f\u0131mlar\u0131 Di\u015f Esteti\u011fine \u0130lgiyi Artt\u0131rd\u0131\"}]},{\"@type\":\"WebSite\",\"@id\":\"https:\/\/dentalestetikcenter.com\/#website\",\"url\":\"https:\/\/dentalestetikcenter.com\/\",\"name\":\"Dental Estetik Center\",\"description\":\"D\u00fcnya Bizimle G\u00fcl\u00fcms\u00fcyor\",\"publisher\":{\"@id\":\"https:\/\/dentalestetikcenter.com\/#organization\"},\"potentialAction\":[{\"@type\":\"SearchAction\",\"target\":{\"@type\":\"EntryPoint\",\"urlTemplate\":\"https:\/\/dentalestetikcenter.com\/?s={search_term_string}\"},\"query-input\":\"required name=search_term_string\"}],\"inLanguage\":\"en-US\"},{\"@type\":\"Organization\",\"@id\":\"https:\/\/dentalestetikcenter.com\/#organization\",\"name\":\"Dental Estetik Center\",\"url\":\"https:\/\/dentalestetikcenter.com\/\",\"logo\":{\"@type\":\"ImageObject\",\"inLanguage\":\"en-US\",\"@id\":\"https:\/\/dentalestetikcenter.com\/#\/schema\/logo\/image\/\",\"url\":\"https:\/\/dentalestetikcenter.com\/wp-content\/uploads\/2025\/01\/cropped-logo-png.png\",\"contentUrl\":\"https:\/\/dentalestetikcenter.com\/wp-content\/uploads\/2025\/01\/cropped-logo-png.png\",\"width\":1584,\"height\":339,\"caption\":\"Dental Estetik Center\"},\"image\":{\"@id\":\"https:\/\/dentalestetikcenter.com\/#\/schema\/logo\/image\/\"}},{\"@type\":\"Person\",\"@id\":\"https:\/\/dentalestetikcenter.com\/#\/schema\/person\/2bc9935f3bbe90e820df8c8f8e6a56bd\",\"name\":\"Dental\",\"image\":{\"@type\":\"ImageObject\",\"inLanguage\":\"en-US\",\"@id\":\"https:\/\/dentalestetikcenter.com\/#\/schema\/person\/image\/\",\"url\":\"https:\/\/secure.gravatar.com\/avatar\/d3c30dc58fb94537ef50f6cd89dfe16d?s=96&d=mm&r=g\",\"contentUrl\":\"https:\/\/secure.gravatar.com\/avatar\/d3c30dc58fb94537ef50f6cd89dfe16d?s=96&d=mm&r=g\",\"caption\":\"Dental\"},\"sameAs\":[\"https:\/\/wordpress-1313768-4794498.cloudwaysapps.com\"]}]}<\/script>\n<!-- \/ Yoast SEO plugin. -->","yoast_head_json":{"title":"Sosyal Medya Payla\u015f\u0131mlar\u0131 Di\u015f Esteti\u011fine \u0130lgiyi Artt\u0131rd\u0131 - Dental Estetik Center","description":"Di\u015f hekimi G\u00fczin K\u0131rsa\u00e7l\u0131o\u011flu \"sosyal medya kullan\u0131m\u0131n\u0131n artmas\u0131yla g\u00fcn\u00fcm\u00fczde foto\u011fraflar\u0131n\u0131 payla\u015fanlar i\u00e7in di\u015f esteti\u011fi \u00f6nemli bir yer edindi\" diyor.","robots":{"index":"index","follow":"follow","max-snippet":"max-snippet:-1","max-image-preview":"max-image-preview:large","max-video-preview":"max-video-preview:-1"},"canonical":"https:\/\/dentalestetikcenter.com\/en\/social-media-posts-increased-interest-in-dental-aesthetics\/","og_locale":"en_US","og_type":"article","og_title":"Sosyal Medya Payla\u015f\u0131mlar\u0131 Di\u015f Esteti\u011fine \u0130lgiyi Artt\u0131rd\u0131 - Dental Estetik Center","og_description":"Di\u015f hekimi G\u00fczin K\u0131rsa\u00e7l\u0131o\u011flu \"sosyal medya kullan\u0131m\u0131n\u0131n artmas\u0131yla g\u00fcn\u00fcm\u00fczde foto\u011fraflar\u0131n\u0131 payla\u015fanlar i\u00e7in di\u015f esteti\u011fi \u00f6nemli bir yer edindi\" diyor.","og_url":"https:\/\/dentalestetikcenter.com\/en\/social-media-posts-increased-interest-in-dental-aesthetics\/","og_site_name":"Dental Estetik Center","article_published_time":"2023-05-11T18:00:22+00:00","article_modified_time":"2024-09-05T18:12:32+00:00","og_image":[{"width":707,"height":753,"url":"https:\/\/dentalestetikcenter.com\/wp-content\/uploads\/2024\/09\/sosyal-medya-dis-estetigi.webp","type":"image\/webp"}],"author":"Dental","twitter_card":"summary_large_image","twitter_misc":{"Written by":"Dental","Est. reading time":"2 minutes"},"schema":{"@context":"https:\/\/schema.org","@graph":[{"@type":"Article","@id":"https:\/\/dentalestetikcenter.com\/sosyal-medya-paylasimlari-dis-estetigine-ilgiyi-arttirdi\/#article","isPartOf":{"@id":"https:\/\/dentalestetikcenter.com\/sosyal-medya-paylasimlari-dis-estetigine-ilgiyi-arttirdi\/"},"author":{"name":"Dental","@id":"https:\/\/dentalestetikcenter.com\/#\/schema\/person\/2bc9935f3bbe90e820df8c8f8e6a56bd"},"headline":"Sosyal Medya Payla\u015f\u0131mlar\u0131 Di\u015f Esteti\u011fine \u0130lgiyi Artt\u0131rd\u0131","datePublished":"2023-05-11T18:00:22+00:00","dateModified":"2024-09-05T18:12:32+00:00","mainEntityOfPage":{"@id":"https:\/\/dentalestetikcenter.com\/sosyal-medya-paylasimlari-dis-estetigine-ilgiyi-arttirdi\/"},"wordCount":502,"publisher":{"@id":"https:\/\/dentalestetikcenter.com\/#organization"},"image":{"@id":"https:\/\/dentalestetikcenter.com\/sosyal-medya-paylasimlari-dis-estetigine-ilgiyi-arttirdi\/#primaryimage"},"thumbnailUrl":"https:\/\/dentalestetikcenter.com\/wp-content\/uploads\/2024\/09\/sosyal-medya-dis-estetigi.webp","articleSection":["Bas\u0131nda Biz"],"inLanguage":"en-US"},{"@type":"WebPage","@id":"https:\/\/dentalestetikcenter.com\/sosyal-medya-paylasimlari-dis-estetigine-ilgiyi-arttirdi\/","url":"https:\/\/dentalestetikcenter.com\/sosyal-medya-paylasimlari-dis-estetigine-ilgiyi-arttirdi\/","name":"Sosyal Medya Payla\u015f\u0131mlar\u0131 Di\u015f Esteti\u011fine \u0130lgiyi Artt\u0131rd\u0131 - Dental Estetik Center","isPartOf":{"@id":"https:\/\/dentalestetikcenter.com\/#website"},"primaryImageOfPage":{"@id":"https:\/\/dentalestetikcenter.com\/sosyal-medya-paylasimlari-dis-estetigine-ilgiyi-arttirdi\/#primaryimage"},"image":{"@id":"https:\/\/dentalestetikcenter.com\/sosyal-medya-paylasimlari-dis-estetigine-ilgiyi-arttirdi\/#primaryimage"},"thumbnailUrl":"https:\/\/dentalestetikcenter.com\/wp-content\/uploads\/2024\/09\/sosyal-medya-dis-estetigi.webp","datePublished":"2023-05-11T18:00:22+00:00","dateModified":"2024-09-05T18:12:32+00:00","description":"Di\u015f hekimi G\u00fczin K\u0131rsa\u00e7l\u0131o\u011flu \"sosyal medya kullan\u0131m\u0131n\u0131n artmas\u0131yla g\u00fcn\u00fcm\u00fczde foto\u011fraflar\u0131n\u0131 payla\u015fanlar i\u00e7in di\u015f esteti\u011fi \u00f6nemli bir yer edindi\" diyor.","breadcrumb":{"@id":"https:\/\/dentalestetikcenter.com\/sosyal-medya-paylasimlari-dis-estetigine-ilgiyi-arttirdi\/#breadcrumb"},"inLanguage":"en-US","potentialAction":[{"@type":"ReadAction","target":["https:\/\/dentalestetikcenter.com\/sosyal-medya-paylasimlari-dis-estetigine-ilgiyi-arttirdi\/"]}]},{"@type":"ImageObject","inLanguage":"en-US","@id":"https:\/\/dentalestetikcenter.com\/sosyal-medya-paylasimlari-dis-estetigine-ilgiyi-arttirdi\/#primaryimage","url":"https:\/\/dentalestetikcenter.com\/wp-content\/uploads\/2024\/09\/sosyal-medya-dis-estetigi.webp","contentUrl":"https:\/\/dentalestetikcenter.com\/wp-content\/uploads\/2024\/09\/sosyal-medya-dis-estetigi.webp","width":707,"height":753},{"@type":"BreadcrumbList","@id":"https:\/\/dentalestetikcenter.com\/sosyal-medya-paylasimlari-dis-estetigine-ilgiyi-arttirdi\/#breadcrumb","itemListElement":[{"@type":"ListItem","position":1,"name":"Ana Sayfa","item":"https:\/\/dentalestetikcenter.com\/"},{"@type":"ListItem","position":2,"name":"Sosyal Medya Payla\u015f\u0131mlar\u0131 Di\u015f Esteti\u011fine \u0130lgiyi Artt\u0131rd\u0131"}]},{"@type":"WebSite","@id":"https:\/\/dentalestetikcenter.com\/#website","url":"https:\/\/dentalestetikcenter.com\/","name":"Dental Estetik Center","description":"D\u00fcnya Bizimle G\u00fcl\u00fcms\u00fcyor","publisher":{"@id":"https:\/\/dentalestetikcenter.com\/#organization"},"potentialAction":[{"@type":"SearchAction","target":{"@type":"EntryPoint","urlTemplate":"https:\/\/dentalestetikcenter.com\/?s={search_term_string}"},"query-input":"required name=search_term_string"}],"inLanguage":"en-US"},{"@type":"Organization","@id":"https:\/\/dentalestetikcenter.com\/#organization","name":"Dental Estetik Center","url":"https:\/\/dentalestetikcenter.com\/","logo":{"@type":"ImageObject","inLanguage":"en-US","@id":"https:\/\/dentalestetikcenter.com\/#\/schema\/logo\/image\/","url":"https:\/\/dentalestetikcenter.com\/wp-content\/uploads\/2025\/01\/cropped-logo-png.png","contentUrl":"https:\/\/dentalestetikcenter.com\/wp-content\/uploads\/2025\/01\/cropped-logo-png.png","width":1584,"height":339,"caption":"Dental Estetik Center"},"image":{"@id":"https:\/\/dentalestetikcenter.com\/#\/schema\/logo\/image\/"}},{"@type":"Person","@id":"https:\/\/dentalestetikcenter.com\/#\/schema\/person\/2bc9935f3bbe90e820df8c8f8e6a56bd","name":"Dental","image":{"@type":"ImageObject","inLanguage":"en-US","@id":"https:\/\/dentalestetikcenter.com\/#\/schema\/person\/image\/","url":"https:\/\/secure.gravatar.com\/avatar\/d3c30dc58fb94537ef50f6cd89dfe16d?s=96&d=mm&r=g","contentUrl":"https:\/\/secure.gravatar.com\/avatar\/d3c30dc58fb94537ef50f6cd89dfe16d?s=96&d=mm&r=g","caption":"Dental"},"sameAs":["https:\/\/wordpress-1313768-4794498.cloudwaysapps.com"]}]}},"_links":{"self":[{"href":"https:\/\/dentalestetikcenter.com\/en\/wp-json\/wp\/v2\/posts\/5047"}],"collection":[{"href":"https:\/\/dentalestetikcenter.com\/en\/wp-json\/wp\/v2\/posts"}],"about":[{"href":"https:\/\/dentalestetikcenter.com\/en\/wp-json\/wp\/v2\/types\/post"}],"author":[{"embeddable":true,"href":"https:\/\/dentalestetikcenter.com\/en\/wp-json\/wp\/v2\/users\/1"}],"replies":[{"embeddable":true,"href":"https:\/\/dentalestetikcenter.com\/en\/wp-json\/wp\/v2\/comments?post=5047"}],"version-history":[{"count":13,"href":"https:\/\/dentalestetikcenter.com\/en\/wp-json\/wp\/v2\/posts\/5047\/revisions"}],"predecessor-version":[{"id":5061,"href":"https:\/\/dentalestetikcenter.com\/en\/wp-json\/wp\/v2\/posts\/5047\/revisions\/5061"}],"wp:featuredmedia":[{"embeddable":true,"href":"https:\/\/dentalestetikcenter.com\/en\/wp-json\/wp\/v2\/media\/5048"}],"wp:attachment":[{"href":"https:\/\/dentalestetikcenter.com\/en\/wp-json\/wp\/v2\/media?parent=5047"}],"wp:term":[{"taxonomy":"category","embeddable":true,"href":"https:\/\/dentalestetikcenter.com\/en\/wp-json\/wp\/v2\/categories?post=5047"},{"taxonomy":"post_tag","embeddable":true,"href":"https:\/\/dentalestetikcenter.com\/en\/wp-json\/wp\/v2\/tags?post=5047"}],"curies":[{"name":"wp","href":"https:\/\/api.w.org\/{rel}","templated":true}]}}