{"id":5243,"date":"2024-09-02T20:18:38","date_gmt":"2024-09-02T20:18:38","guid":{"rendered":"https:\/\/dentalestetikcenter.com\/?p=5243"},"modified":"2024-10-01T02:24:15","modified_gmt":"2024-10-01T02:24:15","slug":"dis-tedavisi-sonrasinda-aft-cikar-mi","status":"publish","type":"post","link":"https:\/\/dentalestetikcenter.com\/en\/do-canker-sores-occur-after-dental-treatment\/","title":{"rendered":"Do Canker Sores Occur After Dental Treatment?"},"content":{"rendered":"<div data-elementor-type=\"wp-post\" data-elementor-id=\"5243\" class=\"elementor elementor-5243\" data-elementor-post-type=\"post\">\n\t\t\t\t<div class=\"elementor-element elementor-element-c972a52 e-flex e-con-boxed e-con e-parent\" data-id=\"c972a52\" data-element_type=\"container\" data-settings=\"{&quot;_ha_eqh_enable&quot;:false}\" data-core-v316-plus=\"true\">\n\t\t\t\t\t<div class=\"e-con-inner\">\n\t\t\t\t<div class=\"elementor-element elementor-element-6a037c3 elementor-widget elementor-widget-text-editor\" data-id=\"6a037c3\" data-element_type=\"widget\" data-widget_type=\"text-editor.default\">\n\t\t\t\t<div class=\"elementor-widget-container\">\n\t\t\t<style>\/*! elementor - v3.20.0 - 26-03-2024 *\/\n.elementor-widget-text-editor.elementor-drop-cap-view-stacked .elementor-drop-cap{background-color:#69727d;color:#fff}.elementor-widget-text-editor.elementor-drop-cap-view-framed .elementor-drop-cap{color:#69727d;border:3px solid;background-color:transparent}.elementor-widget-text-editor:not(.elementor-drop-cap-view-default) .elementor-drop-cap{margin-top:8px}.elementor-widget-text-editor:not(.elementor-drop-cap-view-default) .elementor-drop-cap-letter{width:1em;height:1em}.elementor-widget-text-editor .elementor-drop-cap{float:left;text-align:center;line-height:1;font-size:50px}.elementor-widget-text-editor .elementor-drop-cap-letter{display:inline-block}<\/style>\t\t\t\t<div class=\"w-post-elm post_content\"><div class=\"w-post-elm post_content\"><div class=\"w-post-elm post_content\"><div class=\"w-post-elm post_content\"><p>After dental treatment, some people may experience canker sores in the mouth.<a href=\"https:\/\/dentalestetikcenter.com\/en\/natures-solution-to-canker-sore-problem-propolis\/\">\u00a0Aftlar<\/a>, genellikle a\u011f\u0131z i\u00e7indeki bir tahri\u015f sonucunda veya ba\u011f\u0131\u015f\u0131kl\u0131k sistemi tepkisine ba\u011fl\u0131 olarak ortaya \u00e7\u0131karlar. A\u011fr\u0131l\u0131 olabilirler ve genellikle bir hafta i\u00e7inde kendili\u011finden iyile\u015firler.<\/p><h2><span id=\"Aft_Nedir\">What is Canker Sore?<\/span><\/h2><div class=\"lwptoc lwptoc-autoWidth lwptoc-baseItems lwptoc-inherit\" data-smooth-scroll=\"1\" data-smooth-scroll-offset=\"24\" data-lwptoc-initialized=\"1\"><div class=\"lwptoc_i\"><div class=\"lwptoc_items lwptoc_items-visible\"><div class=\"lwptoc_itemWrap\"><div class=\"lwptoc_item\">Canker sores are small, white or yellow sores that form in the tissues of the mouth. Canker sores usually appear round or oval and can occur on the tongue, inside the lips, or inside the cheeks. They can be painful and sensitive to the touch.<\/div><\/div><\/div><\/div><\/div><h2><span id=\"Dis_Tedavisi_Sonrasi_Aft_Neden_Olusur\">Why Do Canker Sores Occur After Dental Treatment?<\/span><\/h2><p>The formation of canker sores may depend on many personal and environmental factors.<\/p><h3><span id=\"Bagisiklik_Yaniti\">Immune Response<\/span><\/h3><p>Dental treatment can cause a reaction in the body's immune system. These reactions can result in aphtha formation. In addition, the tools and materials used during treatments can cause minor trauma. As a result, minor injuries to the mucosa can be prone to aphtha formation. During or after treatment, the immune system is activated and this undesirable situation can occur.<\/p><h3><span id=\"Stres\">Stress<\/span><\/h3><p>Stress, the disease of our age, is an inevitable condition that affects the majority of society, weakening the body's immune system and has been proven by studies to be the precursor to many medical conditions. Dental treatments can also be a source of stress for people. Stress and anxiety experienced before or during dental treatment can contribute to aphtha formation by weakening the immune system and affecting the mucosal tissue. Applying relaxing techniques before and after treatment can reduce this situation.<\/p><h3><span id=\"Beslenme\">Nutrition<\/span><\/h3><p>Eating habits can also increase a person's susceptibility to aphtha formation. In particular, the consumption of acidic or spicy foods can trigger aphtha formation by causing irritation and injury in the mouth. Mildly damaged areas that may occur in the oral mucosa during dental treatments can be further affected by such foods and drinks and turn into aphtha. It may be beneficial to avoid or reduce the consumption of such foods, especially after treatment. In addition, deficiencies in certain vitamins and minerals can cause recurrent aphtha formation in the body. If a person frequently experiences aphtha, these deficiencies should be investigated and corrected.<\/p><h3><span id=\"Ilac_Kullanimi\">Drug Use<\/span><\/h3><p>In some cases, drug treatments may be preferred after dental treatment. Some drugs used may affect the formation of aphtha. Painkillers or antibiotics may cause sensitivity in the mouth and pave the way for aphtha formation. If such a complaint develops during the use of these drugs, you should contact your dentist.<\/p><p>Regardless of all these factors, good oral hygiene helps to remove harmful bacteria from the oral environment before and after dental treatment and contributes to the formation of a strong defensive barrier in the oral mucosa. Each individual's body response is different and canker sores may vary from person to person. Therefore, if you develop canker sores in your mouth after dental treatment, it is important to share this situation with your dentist and evaluate appropriate treatment methods.<\/p><\/div><\/div><\/div><\/div>\t\t\t\t\t\t<\/div>\n\t\t\t\t<\/div>\n\t\t\t\t\t<\/div>\n\t\t\t\t<\/div>\n\t\t\t\t<\/div>","protected":false},"excerpt":{"rendered":"<p>Di\u015f tedavisi sonras\u0131nda baz\u0131 ki\u015filerde a\u011f\u0131zda aft olu\u015fumu g\u00f6zlenebilmektedir.\u00a0Aftlar, genellikle a\u011f\u0131z i\u00e7indeki bir tahri\u015f sonucunda veya ba\u011f\u0131\u015f\u0131kl\u0131k sistemi tepkisine ba\u011fl\u0131 olarak ortaya \u00e7\u0131karlar. A\u011fr\u0131l\u0131 olabilirler ve genellikle bir hafta i\u00e7inde kendili\u011finden iyile\u015firler. Aft Nedir? Aft, a\u011f\u0131z dokular\u0131nda olu\u015fan k\u00fc\u00e7\u00fck, beyaz veya sar\u0131 renkli yaralard\u0131r. Genellikle yuvarlak veya oval \u015fekilde g\u00f6r\u00fcnen aftlar, dil, dudak i\u00e7i, yanak [&hellip;]<\/p>","protected":false},"author":1,"featured_media":6275,"comment_status":"closed","ping_status":"open","sticky":false,"template":"","format":"standard","meta":{"content-type":"","footnotes":""},"categories":[21],"tags":[],"class_list":["post-5243","post","type-post","status-publish","format-standard","has-post-thumbnail","hentry","category-haber-bulteni"],"yoast_head":"<!-- This site is optimized with the Yoast SEO plugin v23.3 - https:\/\/yoast.com\/wordpress\/plugins\/seo\/ -->\n<title>Di\u015f Tedavisi Sonras\u0131nda Aft \u00c7\u0131kar M\u0131? - Dental Estetik Center<\/title>\n<meta name=\"description\" content=\"Di\u015f tedavisi sonras\u0131nda baz\u0131 ki\u015filerde a\u011f\u0131zda aft olu\u015fumu g\u00f6zlenebilmektedir. Aftlar, genellikle a\u011f\u0131z i\u00e7indeki bir tahri\u015f sonucunda veya ba\u011f\u0131\u015f\u0131kl\u0131k sistemi tepkisine ba\u011fl\u0131 olarak ortaya \u00e7\u0131karlar.\" \/>\n<meta name=\"robots\" content=\"index, follow, max-snippet:-1, max-image-preview:large, max-video-preview:-1\" \/>\n<link rel=\"canonical\" href=\"https:\/\/dentalestetikcenter.com\/en\/do-canker-sores-occur-after-dental-treatment\/\" \/>\n<meta property=\"og:locale\" content=\"en_US\" \/>\n<meta property=\"og:type\" content=\"article\" \/>\n<meta property=\"og:title\" content=\"Di\u015f Tedavisi Sonras\u0131nda Aft \u00c7\u0131kar M\u0131? - Dental Estetik Center\" \/>\n<meta property=\"og:description\" content=\"Di\u015f tedavisi sonras\u0131nda baz\u0131 ki\u015filerde a\u011f\u0131zda aft olu\u015fumu g\u00f6zlenebilmektedir. Aftlar, genellikle a\u011f\u0131z i\u00e7indeki bir tahri\u015f sonucunda veya ba\u011f\u0131\u015f\u0131kl\u0131k sistemi tepkisine ba\u011fl\u0131 olarak ortaya \u00e7\u0131karlar.\" \/>\n<meta property=\"og:url\" content=\"https:\/\/dentalestetikcenter.com\/en\/do-canker-sores-occur-after-dental-treatment\/\" \/>\n<meta property=\"og:site_name\" content=\"Dental Estetik Center\" \/>\n<meta property=\"article:published_time\" content=\"2024-09-02T20:18:38+00:00\" \/>\n<meta property=\"article:modified_time\" content=\"2024-10-01T02:24:15+00:00\" \/>\n<meta property=\"og:image\" content=\"https:\/\/dentalestetikcenter.com\/wp-content\/uploads\/2024\/09\/Dental-Estetik-Center-AFT.webp\" \/>\n\t<meta property=\"og:image:width\" content=\"1000\" \/>\n\t<meta property=\"og:image:height\" content=\"755\" \/>\n\t<meta property=\"og:image:type\" content=\"image\/webp\" \/>\n<meta name=\"author\" content=\"Dental\" \/>\n<meta name=\"twitter:card\" content=\"summary_large_image\" \/>\n<meta name=\"twitter:label1\" content=\"Written by\" \/>\n\t<meta name=\"twitter:data1\" content=\"Dental\" \/>\n\t<meta name=\"twitter:label2\" content=\"Est. reading time\" \/>\n\t<meta name=\"twitter:data2\" content=\"3 minutes\" \/>\n<script type=\"application\/ld+json\" class=\"yoast-schema-graph\">{\"@context\":\"https:\/\/schema.org\",\"@graph\":[{\"@type\":\"Article\",\"@id\":\"https:\/\/dentalestetikcenter.com\/dis-tedavisi-sonrasinda-aft-cikar-mi\/#article\",\"isPartOf\":{\"@id\":\"https:\/\/dentalestetikcenter.com\/dis-tedavisi-sonrasinda-aft-cikar-mi\/\"},\"author\":{\"name\":\"Dental\",\"@id\":\"https:\/\/dentalestetikcenter.com\/#\/schema\/person\/2bc9935f3bbe90e820df8c8f8e6a56bd\"},\"headline\":\"Di\u015f Tedavisi Sonras\u0131nda Aft \u00c7\u0131kar M\u0131?\",\"datePublished\":\"2024-09-02T20:18:38+00:00\",\"dateModified\":\"2024-10-01T02:24:15+00:00\",\"mainEntityOfPage\":{\"@id\":\"https:\/\/dentalestetikcenter.com\/dis-tedavisi-sonrasinda-aft-cikar-mi\/\"},\"wordCount\":571,\"publisher\":{\"@id\":\"https:\/\/dentalestetikcenter.com\/#organization\"},\"image\":{\"@id\":\"https:\/\/dentalestetikcenter.com\/dis-tedavisi-sonrasinda-aft-cikar-mi\/#primaryimage\"},\"thumbnailUrl\":\"https:\/\/dentalestetikcenter.com\/wp-content\/uploads\/2024\/09\/Dental-Estetik-Center-AFT.webp\",\"articleSection\":[\"Haber B\u00fclteni\"],\"inLanguage\":\"en-US\"},{\"@type\":\"WebPage\",\"@id\":\"https:\/\/dentalestetikcenter.com\/dis-tedavisi-sonrasinda-aft-cikar-mi\/\",\"url\":\"https:\/\/dentalestetikcenter.com\/dis-tedavisi-sonrasinda-aft-cikar-mi\/\",\"name\":\"Di\u015f Tedavisi Sonras\u0131nda Aft \u00c7\u0131kar M\u0131? - Dental Estetik Center\",\"isPartOf\":{\"@id\":\"https:\/\/dentalestetikcenter.com\/#website\"},\"primaryImageOfPage\":{\"@id\":\"https:\/\/dentalestetikcenter.com\/dis-tedavisi-sonrasinda-aft-cikar-mi\/#primaryimage\"},\"image\":{\"@id\":\"https:\/\/dentalestetikcenter.com\/dis-tedavisi-sonrasinda-aft-cikar-mi\/#primaryimage\"},\"thumbnailUrl\":\"https:\/\/dentalestetikcenter.com\/wp-content\/uploads\/2024\/09\/Dental-Estetik-Center-AFT.webp\",\"datePublished\":\"2024-09-02T20:18:38+00:00\",\"dateModified\":\"2024-10-01T02:24:15+00:00\",\"description\":\"Di\u015f tedavisi sonras\u0131nda baz\u0131 ki\u015filerde a\u011f\u0131zda aft olu\u015fumu g\u00f6zlenebilmektedir. Aftlar, genellikle a\u011f\u0131z i\u00e7indeki bir tahri\u015f sonucunda veya ba\u011f\u0131\u015f\u0131kl\u0131k sistemi tepkisine ba\u011fl\u0131 olarak ortaya \u00e7\u0131karlar.\",\"breadcrumb\":{\"@id\":\"https:\/\/dentalestetikcenter.com\/dis-tedavisi-sonrasinda-aft-cikar-mi\/#breadcrumb\"},\"inLanguage\":\"en-US\",\"potentialAction\":[{\"@type\":\"ReadAction\",\"target\":[\"https:\/\/dentalestetikcenter.com\/dis-tedavisi-sonrasinda-aft-cikar-mi\/\"]}]},{\"@type\":\"ImageObject\",\"inLanguage\":\"en-US\",\"@id\":\"https:\/\/dentalestetikcenter.com\/dis-tedavisi-sonrasinda-aft-cikar-mi\/#primaryimage\",\"url\":\"https:\/\/dentalestetikcenter.com\/wp-content\/uploads\/2024\/09\/Dental-Estetik-Center-AFT.webp\",\"contentUrl\":\"https:\/\/dentalestetikcenter.com\/wp-content\/uploads\/2024\/09\/Dental-Estetik-Center-AFT.webp\",\"width\":1000,\"height\":755,\"caption\":\"Dental Estetik Center AFT\"},{\"@type\":\"BreadcrumbList\",\"@id\":\"https:\/\/dentalestetikcenter.com\/dis-tedavisi-sonrasinda-aft-cikar-mi\/#breadcrumb\",\"itemListElement\":[{\"@type\":\"ListItem\",\"position\":1,\"name\":\"Ana Sayfa\",\"item\":\"https:\/\/dentalestetikcenter.com\/\"},{\"@type\":\"ListItem\",\"position\":2,\"name\":\"Di\u015f Tedavisi Sonras\u0131nda Aft \u00c7\u0131kar M\u0131?\"}]},{\"@type\":\"WebSite\",\"@id\":\"https:\/\/dentalestetikcenter.com\/#website\",\"url\":\"https:\/\/dentalestetikcenter.com\/\",\"name\":\"Dental Estetik Center\",\"description\":\"D\u00fcnya Bizimle G\u00fcl\u00fcms\u00fcyor\",\"publisher\":{\"@id\":\"https:\/\/dentalestetikcenter.com\/#organization\"},\"potentialAction\":[{\"@type\":\"SearchAction\",\"target\":{\"@type\":\"EntryPoint\",\"urlTemplate\":\"https:\/\/dentalestetikcenter.com\/?s={search_term_string}\"},\"query-input\":\"required name=search_term_string\"}],\"inLanguage\":\"en-US\"},{\"@type\":\"Organization\",\"@id\":\"https:\/\/dentalestetikcenter.com\/#organization\",\"name\":\"Dental Estetik Center\",\"url\":\"https:\/\/dentalestetikcenter.com\/\",\"logo\":{\"@type\":\"ImageObject\",\"inLanguage\":\"en-US\",\"@id\":\"https:\/\/dentalestetikcenter.com\/#\/schema\/logo\/image\/\",\"url\":\"https:\/\/dentalestetikcenter.com\/wp-content\/uploads\/2025\/01\/cropped-logo-png.png\",\"contentUrl\":\"https:\/\/dentalestetikcenter.com\/wp-content\/uploads\/2025\/01\/cropped-logo-png.png\",\"width\":1584,\"height\":339,\"caption\":\"Dental Estetik Center\"},\"image\":{\"@id\":\"https:\/\/dentalestetikcenter.com\/#\/schema\/logo\/image\/\"}},{\"@type\":\"Person\",\"@id\":\"https:\/\/dentalestetikcenter.com\/#\/schema\/person\/2bc9935f3bbe90e820df8c8f8e6a56bd\",\"name\":\"Dental\",\"image\":{\"@type\":\"ImageObject\",\"inLanguage\":\"en-US\",\"@id\":\"https:\/\/dentalestetikcenter.com\/#\/schema\/person\/image\/\",\"url\":\"https:\/\/secure.gravatar.com\/avatar\/d3c30dc58fb94537ef50f6cd89dfe16d?s=96&d=mm&r=g\",\"contentUrl\":\"https:\/\/secure.gravatar.com\/avatar\/d3c30dc58fb94537ef50f6cd89dfe16d?s=96&d=mm&r=g\",\"caption\":\"Dental\"},\"sameAs\":[\"https:\/\/wordpress-1313768-4794498.cloudwaysapps.com\"]}]}<\/script>\n<!-- \/ Yoast SEO plugin. -->","yoast_head_json":{"title":"Di\u015f Tedavisi Sonras\u0131nda Aft \u00c7\u0131kar M\u0131? - Dental Estetik Center","description":"Di\u015f tedavisi sonras\u0131nda baz\u0131 ki\u015filerde a\u011f\u0131zda aft olu\u015fumu g\u00f6zlenebilmektedir. Aftlar, genellikle a\u011f\u0131z i\u00e7indeki bir tahri\u015f sonucunda veya ba\u011f\u0131\u015f\u0131kl\u0131k sistemi tepkisine ba\u011fl\u0131 olarak ortaya \u00e7\u0131karlar.","robots":{"index":"index","follow":"follow","max-snippet":"max-snippet:-1","max-image-preview":"max-image-preview:large","max-video-preview":"max-video-preview:-1"},"canonical":"https:\/\/dentalestetikcenter.com\/en\/do-canker-sores-occur-after-dental-treatment\/","og_locale":"en_US","og_type":"article","og_title":"Di\u015f Tedavisi Sonras\u0131nda Aft \u00c7\u0131kar M\u0131? - Dental Estetik Center","og_description":"Di\u015f tedavisi sonras\u0131nda baz\u0131 ki\u015filerde a\u011f\u0131zda aft olu\u015fumu g\u00f6zlenebilmektedir. Aftlar, genellikle a\u011f\u0131z i\u00e7indeki bir tahri\u015f sonucunda veya ba\u011f\u0131\u015f\u0131kl\u0131k sistemi tepkisine ba\u011fl\u0131 olarak ortaya \u00e7\u0131karlar.","og_url":"https:\/\/dentalestetikcenter.com\/en\/do-canker-sores-occur-after-dental-treatment\/","og_site_name":"Dental Estetik Center","article_published_time":"2024-09-02T20:18:38+00:00","article_modified_time":"2024-10-01T02:24:15+00:00","og_image":[{"width":1000,"height":755,"url":"https:\/\/dentalestetikcenter.com\/wp-content\/uploads\/2024\/09\/Dental-Estetik-Center-AFT.webp","type":"image\/webp"}],"author":"Dental","twitter_card":"summary_large_image","twitter_misc":{"Written by":"Dental","Est. reading time":"3 minutes"},"schema":{"@context":"https:\/\/schema.org","@graph":[{"@type":"Article","@id":"https:\/\/dentalestetikcenter.com\/dis-tedavisi-sonrasinda-aft-cikar-mi\/#article","isPartOf":{"@id":"https:\/\/dentalestetikcenter.com\/dis-tedavisi-sonrasinda-aft-cikar-mi\/"},"author":{"name":"Dental","@id":"https:\/\/dentalestetikcenter.com\/#\/schema\/person\/2bc9935f3bbe90e820df8c8f8e6a56bd"},"headline":"Di\u015f Tedavisi Sonras\u0131nda Aft \u00c7\u0131kar M\u0131?","datePublished":"2024-09-02T20:18:38+00:00","dateModified":"2024-10-01T02:24:15+00:00","mainEntityOfPage":{"@id":"https:\/\/dentalestetikcenter.com\/dis-tedavisi-sonrasinda-aft-cikar-mi\/"},"wordCount":571,"publisher":{"@id":"https:\/\/dentalestetikcenter.com\/#organization"},"image":{"@id":"https:\/\/dentalestetikcenter.com\/dis-tedavisi-sonrasinda-aft-cikar-mi\/#primaryimage"},"thumbnailUrl":"https:\/\/dentalestetikcenter.com\/wp-content\/uploads\/2024\/09\/Dental-Estetik-Center-AFT.webp","articleSection":["Haber B\u00fclteni"],"inLanguage":"en-US"},{"@type":"WebPage","@id":"https:\/\/dentalestetikcenter.com\/dis-tedavisi-sonrasinda-aft-cikar-mi\/","url":"https:\/\/dentalestetikcenter.com\/dis-tedavisi-sonrasinda-aft-cikar-mi\/","name":"Di\u015f Tedavisi Sonras\u0131nda Aft \u00c7\u0131kar M\u0131? - Dental Estetik Center","isPartOf":{"@id":"https:\/\/dentalestetikcenter.com\/#website"},"primaryImageOfPage":{"@id":"https:\/\/dentalestetikcenter.com\/dis-tedavisi-sonrasinda-aft-cikar-mi\/#primaryimage"},"image":{"@id":"https:\/\/dentalestetikcenter.com\/dis-tedavisi-sonrasinda-aft-cikar-mi\/#primaryimage"},"thumbnailUrl":"https:\/\/dentalestetikcenter.com\/wp-content\/uploads\/2024\/09\/Dental-Estetik-Center-AFT.webp","datePublished":"2024-09-02T20:18:38+00:00","dateModified":"2024-10-01T02:24:15+00:00","description":"Di\u015f tedavisi sonras\u0131nda baz\u0131 ki\u015filerde a\u011f\u0131zda aft olu\u015fumu g\u00f6zlenebilmektedir. Aftlar, genellikle a\u011f\u0131z i\u00e7indeki bir tahri\u015f sonucunda veya ba\u011f\u0131\u015f\u0131kl\u0131k sistemi tepkisine ba\u011fl\u0131 olarak ortaya \u00e7\u0131karlar.","breadcrumb":{"@id":"https:\/\/dentalestetikcenter.com\/dis-tedavisi-sonrasinda-aft-cikar-mi\/#breadcrumb"},"inLanguage":"en-US","potentialAction":[{"@type":"ReadAction","target":["https:\/\/dentalestetikcenter.com\/dis-tedavisi-sonrasinda-aft-cikar-mi\/"]}]},{"@type":"ImageObject","inLanguage":"en-US","@id":"https:\/\/dentalestetikcenter.com\/dis-tedavisi-sonrasinda-aft-cikar-mi\/#primaryimage","url":"https:\/\/dentalestetikcenter.com\/wp-content\/uploads\/2024\/09\/Dental-Estetik-Center-AFT.webp","contentUrl":"https:\/\/dentalestetikcenter.com\/wp-content\/uploads\/2024\/09\/Dental-Estetik-Center-AFT.webp","width":1000,"height":755,"caption":"Dental Estetik Center AFT"},{"@type":"BreadcrumbList","@id":"https:\/\/dentalestetikcenter.com\/dis-tedavisi-sonrasinda-aft-cikar-mi\/#breadcrumb","itemListElement":[{"@type":"ListItem","position":1,"name":"Ana Sayfa","item":"https:\/\/dentalestetikcenter.com\/"},{"@type":"ListItem","position":2,"name":"Di\u015f Tedavisi Sonras\u0131nda Aft \u00c7\u0131kar M\u0131?"}]},{"@type":"WebSite","@id":"https:\/\/dentalestetikcenter.com\/#website","url":"https:\/\/dentalestetikcenter.com\/","name":"Dental Estetik Center","description":"D\u00fcnya Bizimle G\u00fcl\u00fcms\u00fcyor","publisher":{"@id":"https:\/\/dentalestetikcenter.com\/#organization"},"potentialAction":[{"@type":"SearchAction","target":{"@type":"EntryPoint","urlTemplate":"https:\/\/dentalestetikcenter.com\/?s={search_term_string}"},"query-input":"required name=search_term_string"}],"inLanguage":"en-US"},{"@type":"Organization","@id":"https:\/\/dentalestetikcenter.com\/#organization","name":"Dental Estetik Center","url":"https:\/\/dentalestetikcenter.com\/","logo":{"@type":"ImageObject","inLanguage":"en-US","@id":"https:\/\/dentalestetikcenter.com\/#\/schema\/logo\/image\/","url":"https:\/\/dentalestetikcenter.com\/wp-content\/uploads\/2025\/01\/cropped-logo-png.png","contentUrl":"https:\/\/dentalestetikcenter.com\/wp-content\/uploads\/2025\/01\/cropped-logo-png.png","width":1584,"height":339,"caption":"Dental Estetik Center"},"image":{"@id":"https:\/\/dentalestetikcenter.com\/#\/schema\/logo\/image\/"}},{"@type":"Person","@id":"https:\/\/dentalestetikcenter.com\/#\/schema\/person\/2bc9935f3bbe90e820df8c8f8e6a56bd","name":"Dental","image":{"@type":"ImageObject","inLanguage":"en-US","@id":"https:\/\/dentalestetikcenter.com\/#\/schema\/person\/image\/","url":"https:\/\/secure.gravatar.com\/avatar\/d3c30dc58fb94537ef50f6cd89dfe16d?s=96&d=mm&r=g","contentUrl":"https:\/\/secure.gravatar.com\/avatar\/d3c30dc58fb94537ef50f6cd89dfe16d?s=96&d=mm&r=g","caption":"Dental"},"sameAs":["https:\/\/wordpress-1313768-4794498.cloudwaysapps.com"]}]}},"_links":{"self":[{"href":"https:\/\/dentalestetikcenter.com\/en\/wp-json\/wp\/v2\/posts\/5243"}],"collection":[{"href":"https:\/\/dentalestetikcenter.com\/en\/wp-json\/wp\/v2\/posts"}],"about":[{"href":"https:\/\/dentalestetikcenter.com\/en\/wp-json\/wp\/v2\/types\/post"}],"author":[{"embeddable":true,"href":"https:\/\/dentalestetikcenter.com\/en\/wp-json\/wp\/v2\/users\/1"}],"replies":[{"embeddable":true,"href":"https:\/\/dentalestetikcenter.com\/en\/wp-json\/wp\/v2\/comments?post=5243"}],"version-history":[{"count":4,"href":"https:\/\/dentalestetikcenter.com\/en\/wp-json\/wp\/v2\/posts\/5243\/revisions"}],"predecessor-version":[{"id":5248,"href":"https:\/\/dentalestetikcenter.com\/en\/wp-json\/wp\/v2\/posts\/5243\/revisions\/5248"}],"wp:featuredmedia":[{"embeddable":true,"href":"https:\/\/dentalestetikcenter.com\/en\/wp-json\/wp\/v2\/media\/6275"}],"wp:attachment":[{"href":"https:\/\/dentalestetikcenter.com\/en\/wp-json\/wp\/v2\/media?parent=5243"}],"wp:term":[{"taxonomy":"category","embeddable":true,"href":"https:\/\/dentalestetikcenter.com\/en\/wp-json\/wp\/v2\/categories?post=5243"},{"taxonomy":"post_tag","embeddable":true,"href":"https:\/\/dentalestetikcenter.com\/en\/wp-json\/wp\/v2\/tags?post=5243"}],"curies":[{"name":"wp","href":"https:\/\/api.w.org\/{rel}","templated":true}]}}