{"id":4260,"date":"2023-05-05T17:35:24","date_gmt":"2023-05-05T17:35:24","guid":{"rendered":"https:\/\/dentalestetikcenter.com\/?p=4260"},"modified":"2024-09-05T19:14:30","modified_gmt":"2024-09-05T19:14:30","slug":"iftar-ve-sahur-arasinda-dislerinizi-fircalayin","status":"publish","type":"post","link":"https:\/\/dentalestetikcenter.com\/fr\/brossez-vous-les-dents-entre-liftar-et-le-sahur\/","title":{"rendered":"Brossez-vous les dents entre l'iftar et le sahur"},"content":{"rendered":"<div data-elementor-type=\"wp-post\" data-elementor-id=\"4260\" class=\"elementor elementor-4260\" data-elementor-post-type=\"post\">\n\t\t\t\t<div class=\"elementor-element elementor-element-c972a52 e-flex e-con-boxed e-con e-parent\" data-id=\"c972a52\" data-element_type=\"container\" data-settings=\"{&quot;_ha_eqh_enable&quot;:false}\" data-core-v316-plus=\"true\">\n\t\t\t\t\t<div class=\"e-con-inner\">\n\t\t\t\t<div class=\"elementor-element elementor-element-6a037c3 elementor-widget elementor-widget-text-editor\" data-id=\"6a037c3\" data-element_type=\"widget\" data-widget_type=\"text-editor.default\">\n\t\t\t\t<div class=\"elementor-widget-container\">\n\t\t\t<style>\/*! elementor - v3.20.0 - 26-03-2024 *\/\n.elementor-widget-text-editor.elementor-drop-cap-view-stacked .elementor-drop-cap{background-color:#69727d;color:#fff}.elementor-widget-text-editor.elementor-drop-cap-view-framed .elementor-drop-cap{color:#69727d;border:3px solid;background-color:transparent}.elementor-widget-text-editor:not(.elementor-drop-cap-view-default) .elementor-drop-cap{margin-top:8px}.elementor-widget-text-editor:not(.elementor-drop-cap-view-default) .elementor-drop-cap-letter{width:1em;height:1em}.elementor-widget-text-editor .elementor-drop-cap{float:left;text-align:center;line-height:1;font-size:50px}.elementor-widget-text-editor .elementor-drop-cap-letter{display:inline-block}<\/style>\t\t\t\t<p>G\u00fczin K\u0131rsa\u00e7l\u0131o\u011flu, l'un des quatre membres turcs de l'Acad\u00e9mie europ\u00e9enne de dentisterie esth\u00e9tique (EAED), a d\u00e9clar\u00e9 que les soins bucco-dentaires devraient faire l'objet de plus d'attention que jamais pendant le Ramadan. Soulignant que les bact\u00e9ries dans la bouche augmentent en raison des changements dans les habitudes alimentaires, K\u0131rsa\u00e7l\u0131o\u011flu a d\u00e9clar\u00e9 que les dents devraient \u00eatre bross\u00e9es entre l'iftar et le sahur pour \u00e9viter cela. Ceux qui je\u00fbnent pendant le Ramadan ne mangent ni ne boivent rien pendant la journ\u00e9e, ce qui provoque une mauvaise haleine et la formation de bact\u00e9ries. K\u0131rsa\u00e7l\u0131o\u011flu a d\u00e9clar\u00e9 que les caries et les inflammations ant\u00e9rieures de la bouche provoquent la mauvaise haleine et a d\u00e9clar\u00e9 : \u00ab Ces bact\u00e9ries se propagent \u00e9galement dans la bouche et provoquent la mauvaise haleine. En raison de la diminution des habitudes alimentaires et buvantes, les bact\u00e9ries pr\u00e9sentes dans la bouche augmentent et la formation de salive diminue. De plus, dormir imm\u00e9diatement apr\u00e8s le sahur emp\u00eache la plaque dentaire d'\u00eatre compl\u00e8tement nettoy\u00e9e. Pour \u00e9viter ces probl\u00e8mes, les dents doivent \u00eatre bross\u00e9es pendant au moins deux minutes et passer la soie dentaire entre l'iftar et le sahur. \"La diminution de la salivation doit \u00eatre \u00e9vit\u00e9e en consommant beaucoup de liquides.\"<\/p><h2>L'acide doit \u00eatre \u00e9vit\u00e9<\/h2><p>D\u00e9clarant qu'il faut pr\u00eater attention aux habitudes alimentaires et de boisson ainsi qu'aux soins bucco-dentaires pendant le Ramadan, K\u0131rsa\u00e7l\u0131o\u011flu a poursuivi comme suit : \u00ab Ces habitudes sont tr\u00e8s importantes pour la sant\u00e9 dentaire ainsi que pour la sant\u00e9 corporelle. La consommation d\u2019aliments et de boissons acides doit \u00eatre \u00e9vit\u00e9e, surtout pendant le Ramadan. \"Les aliments sucr\u00e9s et sucr\u00e9s, ainsi que les boissons acides consomm\u00e9es pendant ces mois, constituent une grande menace pour la sant\u00e9 dentaire.\"<\/p>\t\t\t\t\t\t<\/div>\n\t\t\t\t<\/div>\n\t\t\t\t\t<\/div>\n\t\t\t\t<\/div>\n\t\t\t\t<\/div>","protected":false},"excerpt":{"rendered":"<p>AVRUPA Estetik Di\u015f Hekimli\u011fi (EAED) Akademisi&#8217;nin d\u00f6rt T\u00fcrk \u00fcyesinden biri olan G\u00fczin K\u0131rsa\u00e7l\u0131o\u011flu, Ramazan ay\u0131nda a\u011f\u0131z ve di\u015f bak\u0131m\u0131na her zamankinden daha \u00e7ok \u00f6zen g\u00f6sterilmesi gerekti\u011fini bildirdi. Yeme al\u0131\u015fkanl\u0131klar\u0131n\u0131n de\u011fi\u015fmesinden dolay\u0131 a\u011f\u0131zda bakterilerin artt\u0131\u011f\u0131na dikkat \u00e7eken K\u0131rsa\u00e7l\u0131o\u011flu, bunlar\u0131n \u00f6n\u00fcne ge\u00e7mek i\u00e7in iftar ve sahur aral\u0131\u011f\u0131nda di\u015flerin f\u0131r\u00e7alanmas\u0131 gerekti\u011fini s\u00f6yledi. Ramazanda oru\u00e7 tutanlar\u0131n g\u00fcn boyu bir [&hellip;]<\/p>","protected":false},"author":1,"featured_media":4261,"comment_status":"closed","ping_status":"open","sticky":false,"template":"","format":"standard","meta":{"content-type":"","footnotes":""},"categories":[22],"tags":[],"class_list":["post-4260","post","type-post","status-publish","format-standard","has-post-thumbnail","hentry","category-basinda-biz"],"yoast_head":"<!-- This site is optimized with the Yoast SEO plugin v23.3 - https:\/\/yoast.com\/wordpress\/plugins\/seo\/ -->\n<title>\u0130ftar ve sahur aras\u0131nda di\u015flerinizi f\u0131r\u00e7alay\u0131n - Dental Estetik Center<\/title>\n<meta name=\"description\" content=\"AVRUPA Estetik Di\u015f Hekimli\u011fi (EAED) Akademisi&#039;nin d\u00f6rt T\u00fcrk \u00fcyesinden biri olan G\u00fczin K\u0131rsa\u00e7l\u0131o\u011flu, Ramazan ay\u0131nda a\u011f\u0131z ve di\u015f bak\u0131m\u0131na her zamankinden daha \u00e7ok \u00f6zen g\u00f6sterilmesi gerekti\u011fini bildirdi.\" \/>\n<meta name=\"robots\" content=\"index, follow, max-snippet:-1, max-image-preview:large, max-video-preview:-1\" \/>\n<link rel=\"canonical\" href=\"https:\/\/dentalestetikcenter.com\/fr\/brossez-vous-les-dents-entre-liftar-et-le-sahur\/\" \/>\n<meta property=\"og:locale\" content=\"fr_FR\" \/>\n<meta property=\"og:type\" content=\"article\" \/>\n<meta property=\"og:title\" content=\"\u0130ftar ve sahur aras\u0131nda di\u015flerinizi f\u0131r\u00e7alay\u0131n - Dental Estetik Center\" \/>\n<meta property=\"og:description\" content=\"AVRUPA Estetik Di\u015f Hekimli\u011fi (EAED) Akademisi&#039;nin d\u00f6rt T\u00fcrk \u00fcyesinden biri olan G\u00fczin K\u0131rsa\u00e7l\u0131o\u011flu, Ramazan ay\u0131nda a\u011f\u0131z ve di\u015f bak\u0131m\u0131na her zamankinden daha \u00e7ok \u00f6zen g\u00f6sterilmesi gerekti\u011fini bildirdi.\" \/>\n<meta property=\"og:url\" content=\"https:\/\/dentalestetikcenter.com\/fr\/brossez-vous-les-dents-entre-liftar-et-le-sahur\/\" \/>\n<meta property=\"og:site_name\" content=\"Dental Estetik Center\" \/>\n<meta property=\"article:published_time\" content=\"2023-05-05T17:35:24+00:00\" \/>\n<meta property=\"article:modified_time\" content=\"2024-09-05T19:14:30+00:00\" \/>\n<meta property=\"og:image\" content=\"https:\/\/dentalestetikcenter.com\/wp-content\/uploads\/2024\/09\/iftar-ve-sahur-arasinda-dislerinizi-fircalayin.webp\" \/>\n\t<meta property=\"og:image:width\" content=\"631\" \/>\n\t<meta property=\"og:image:height\" content=\"761\" \/>\n\t<meta property=\"og:image:type\" content=\"image\/webp\" \/>\n<meta name=\"author\" content=\"Dental\" \/>\n<meta name=\"twitter:card\" content=\"summary_large_image\" \/>\n<meta name=\"twitter:label1\" content=\"Written by\" \/>\n\t<meta name=\"twitter:data1\" content=\"Dental\" \/>\n\t<meta name=\"twitter:label2\" content=\"Est. reading time\" \/>\n\t<meta name=\"twitter:data2\" content=\"2 minutes\" \/>\n<script type=\"application\/ld+json\" class=\"yoast-schema-graph\">{\"@context\":\"https:\/\/schema.org\",\"@graph\":[{\"@type\":\"Article\",\"@id\":\"https:\/\/dentalestetikcenter.com\/iftar-ve-sahur-arasinda-dislerinizi-fircalayin\/#article\",\"isPartOf\":{\"@id\":\"https:\/\/dentalestetikcenter.com\/iftar-ve-sahur-arasinda-dislerinizi-fircalayin\/\"},\"author\":{\"name\":\"Dental\",\"@id\":\"https:\/\/dentalestetikcenter.com\/#\/schema\/person\/2bc9935f3bbe90e820df8c8f8e6a56bd\"},\"headline\":\"\u0130ftar ve sahur aras\u0131nda di\u015flerinizi f\u0131r\u00e7alay\u0131n\",\"datePublished\":\"2023-05-05T17:35:24+00:00\",\"dateModified\":\"2024-09-05T19:14:30+00:00\",\"mainEntityOfPage\":{\"@id\":\"https:\/\/dentalestetikcenter.com\/iftar-ve-sahur-arasinda-dislerinizi-fircalayin\/\"},\"wordCount\":345,\"publisher\":{\"@id\":\"https:\/\/dentalestetikcenter.com\/#organization\"},\"image\":{\"@id\":\"https:\/\/dentalestetikcenter.com\/iftar-ve-sahur-arasinda-dislerinizi-fircalayin\/#primaryimage\"},\"thumbnailUrl\":\"https:\/\/dentalestetikcenter.com\/wp-content\/uploads\/2024\/09\/iftar-ve-sahur-arasinda-dislerinizi-fircalayin.webp\",\"articleSection\":[\"Bas\u0131nda Biz\"],\"inLanguage\":\"fr-FR\"},{\"@type\":\"WebPage\",\"@id\":\"https:\/\/dentalestetikcenter.com\/iftar-ve-sahur-arasinda-dislerinizi-fircalayin\/\",\"url\":\"https:\/\/dentalestetikcenter.com\/iftar-ve-sahur-arasinda-dislerinizi-fircalayin\/\",\"name\":\"\u0130ftar ve sahur aras\u0131nda di\u015flerinizi f\u0131r\u00e7alay\u0131n - Dental Estetik Center\",\"isPartOf\":{\"@id\":\"https:\/\/dentalestetikcenter.com\/#website\"},\"primaryImageOfPage\":{\"@id\":\"https:\/\/dentalestetikcenter.com\/iftar-ve-sahur-arasinda-dislerinizi-fircalayin\/#primaryimage\"},\"image\":{\"@id\":\"https:\/\/dentalestetikcenter.com\/iftar-ve-sahur-arasinda-dislerinizi-fircalayin\/#primaryimage\"},\"thumbnailUrl\":\"https:\/\/dentalestetikcenter.com\/wp-content\/uploads\/2024\/09\/iftar-ve-sahur-arasinda-dislerinizi-fircalayin.webp\",\"datePublished\":\"2023-05-05T17:35:24+00:00\",\"dateModified\":\"2024-09-05T19:14:30+00:00\",\"description\":\"AVRUPA Estetik Di\u015f Hekimli\u011fi (EAED) Akademisi'nin d\u00f6rt T\u00fcrk \u00fcyesinden biri olan G\u00fczin K\u0131rsa\u00e7l\u0131o\u011flu, Ramazan ay\u0131nda a\u011f\u0131z ve di\u015f bak\u0131m\u0131na her zamankinden daha \u00e7ok \u00f6zen g\u00f6sterilmesi gerekti\u011fini bildirdi.\",\"breadcrumb\":{\"@id\":\"https:\/\/dentalestetikcenter.com\/iftar-ve-sahur-arasinda-dislerinizi-fircalayin\/#breadcrumb\"},\"inLanguage\":\"fr-FR\",\"potentialAction\":[{\"@type\":\"ReadAction\",\"target\":[\"https:\/\/dentalestetikcenter.com\/iftar-ve-sahur-arasinda-dislerinizi-fircalayin\/\"]}]},{\"@type\":\"ImageObject\",\"inLanguage\":\"fr-FR\",\"@id\":\"https:\/\/dentalestetikcenter.com\/iftar-ve-sahur-arasinda-dislerinizi-fircalayin\/#primaryimage\",\"url\":\"https:\/\/dentalestetikcenter.com\/wp-content\/uploads\/2024\/09\/iftar-ve-sahur-arasinda-dislerinizi-fircalayin.webp\",\"contentUrl\":\"https:\/\/dentalestetikcenter.com\/wp-content\/uploads\/2024\/09\/iftar-ve-sahur-arasinda-dislerinizi-fircalayin.webp\",\"width\":631,\"height\":761},{\"@type\":\"BreadcrumbList\",\"@id\":\"https:\/\/dentalestetikcenter.com\/iftar-ve-sahur-arasinda-dislerinizi-fircalayin\/#breadcrumb\",\"itemListElement\":[{\"@type\":\"ListItem\",\"position\":1,\"name\":\"Ana Sayfa\",\"item\":\"https:\/\/dentalestetikcenter.com\/\"},{\"@type\":\"ListItem\",\"position\":2,\"name\":\"\u0130ftar ve sahur aras\u0131nda di\u015flerinizi f\u0131r\u00e7alay\u0131n\"}]},{\"@type\":\"WebSite\",\"@id\":\"https:\/\/dentalestetikcenter.com\/#website\",\"url\":\"https:\/\/dentalestetikcenter.com\/\",\"name\":\"Dental Estetik Center\",\"description\":\"D\u00fcnya Bizimle G\u00fcl\u00fcms\u00fcyor\",\"publisher\":{\"@id\":\"https:\/\/dentalestetikcenter.com\/#organization\"},\"potentialAction\":[{\"@type\":\"SearchAction\",\"target\":{\"@type\":\"EntryPoint\",\"urlTemplate\":\"https:\/\/dentalestetikcenter.com\/?s={search_term_string}\"},\"query-input\":\"required name=search_term_string\"}],\"inLanguage\":\"fr-FR\"},{\"@type\":\"Organization\",\"@id\":\"https:\/\/dentalestetikcenter.com\/#organization\",\"name\":\"Dental Estetik Center\",\"url\":\"https:\/\/dentalestetikcenter.com\/\",\"logo\":{\"@type\":\"ImageObject\",\"inLanguage\":\"fr-FR\",\"@id\":\"https:\/\/dentalestetikcenter.com\/#\/schema\/logo\/image\/\",\"url\":\"https:\/\/dentalestetikcenter.com\/wp-content\/uploads\/2025\/01\/cropped-logo-png.png\",\"contentUrl\":\"https:\/\/dentalestetikcenter.com\/wp-content\/uploads\/2025\/01\/cropped-logo-png.png\",\"width\":1584,\"height\":339,\"caption\":\"Dental Estetik Center\"},\"image\":{\"@id\":\"https:\/\/dentalestetikcenter.com\/#\/schema\/logo\/image\/\"}},{\"@type\":\"Person\",\"@id\":\"https:\/\/dentalestetikcenter.com\/#\/schema\/person\/2bc9935f3bbe90e820df8c8f8e6a56bd\",\"name\":\"Dental\",\"image\":{\"@type\":\"ImageObject\",\"inLanguage\":\"fr-FR\",\"@id\":\"https:\/\/dentalestetikcenter.com\/#\/schema\/person\/image\/\",\"url\":\"https:\/\/secure.gravatar.com\/avatar\/d3c30dc58fb94537ef50f6cd89dfe16d?s=96&d=mm&r=g\",\"contentUrl\":\"https:\/\/secure.gravatar.com\/avatar\/d3c30dc58fb94537ef50f6cd89dfe16d?s=96&d=mm&r=g\",\"caption\":\"Dental\"},\"sameAs\":[\"https:\/\/wordpress-1313768-4794498.cloudwaysapps.com\"]}]}<\/script>\n<!-- \/ Yoast SEO plugin. -->","yoast_head_json":{"title":"\u0130ftar ve sahur aras\u0131nda di\u015flerinizi f\u0131r\u00e7alay\u0131n - Dental Estetik Center","description":"AVRUPA Estetik Di\u015f Hekimli\u011fi (EAED) Akademisi'nin d\u00f6rt T\u00fcrk \u00fcyesinden biri olan G\u00fczin K\u0131rsa\u00e7l\u0131o\u011flu, Ramazan ay\u0131nda a\u011f\u0131z ve di\u015f bak\u0131m\u0131na her zamankinden daha \u00e7ok \u00f6zen g\u00f6sterilmesi gerekti\u011fini bildirdi.","robots":{"index":"index","follow":"follow","max-snippet":"max-snippet:-1","max-image-preview":"max-image-preview:large","max-video-preview":"max-video-preview:-1"},"canonical":"https:\/\/dentalestetikcenter.com\/fr\/brossez-vous-les-dents-entre-liftar-et-le-sahur\/","og_locale":"fr_FR","og_type":"article","og_title":"\u0130ftar ve sahur aras\u0131nda di\u015flerinizi f\u0131r\u00e7alay\u0131n - Dental Estetik Center","og_description":"AVRUPA Estetik Di\u015f Hekimli\u011fi (EAED) Akademisi'nin d\u00f6rt T\u00fcrk \u00fcyesinden biri olan G\u00fczin K\u0131rsa\u00e7l\u0131o\u011flu, Ramazan ay\u0131nda a\u011f\u0131z ve di\u015f bak\u0131m\u0131na her zamankinden daha \u00e7ok \u00f6zen g\u00f6sterilmesi gerekti\u011fini bildirdi.","og_url":"https:\/\/dentalestetikcenter.com\/fr\/brossez-vous-les-dents-entre-liftar-et-le-sahur\/","og_site_name":"Dental Estetik Center","article_published_time":"2023-05-05T17:35:24+00:00","article_modified_time":"2024-09-05T19:14:30+00:00","og_image":[{"width":631,"height":761,"url":"https:\/\/dentalestetikcenter.com\/wp-content\/uploads\/2024\/09\/iftar-ve-sahur-arasinda-dislerinizi-fircalayin.webp","type":"image\/webp"}],"author":"Dental","twitter_card":"summary_large_image","twitter_misc":{"Written by":"Dental","Est. reading time":"2 minutes"},"schema":{"@context":"https:\/\/schema.org","@graph":[{"@type":"Article","@id":"https:\/\/dentalestetikcenter.com\/iftar-ve-sahur-arasinda-dislerinizi-fircalayin\/#article","isPartOf":{"@id":"https:\/\/dentalestetikcenter.com\/iftar-ve-sahur-arasinda-dislerinizi-fircalayin\/"},"author":{"name":"Dental","@id":"https:\/\/dentalestetikcenter.com\/#\/schema\/person\/2bc9935f3bbe90e820df8c8f8e6a56bd"},"headline":"\u0130ftar ve sahur aras\u0131nda di\u015flerinizi f\u0131r\u00e7alay\u0131n","datePublished":"2023-05-05T17:35:24+00:00","dateModified":"2024-09-05T19:14:30+00:00","mainEntityOfPage":{"@id":"https:\/\/dentalestetikcenter.com\/iftar-ve-sahur-arasinda-dislerinizi-fircalayin\/"},"wordCount":345,"publisher":{"@id":"https:\/\/dentalestetikcenter.com\/#organization"},"image":{"@id":"https:\/\/dentalestetikcenter.com\/iftar-ve-sahur-arasinda-dislerinizi-fircalayin\/#primaryimage"},"thumbnailUrl":"https:\/\/dentalestetikcenter.com\/wp-content\/uploads\/2024\/09\/iftar-ve-sahur-arasinda-dislerinizi-fircalayin.webp","articleSection":["Bas\u0131nda Biz"],"inLanguage":"fr-FR"},{"@type":"WebPage","@id":"https:\/\/dentalestetikcenter.com\/iftar-ve-sahur-arasinda-dislerinizi-fircalayin\/","url":"https:\/\/dentalestetikcenter.com\/iftar-ve-sahur-arasinda-dislerinizi-fircalayin\/","name":"\u0130ftar ve sahur aras\u0131nda di\u015flerinizi f\u0131r\u00e7alay\u0131n - Dental Estetik Center","isPartOf":{"@id":"https:\/\/dentalestetikcenter.com\/#website"},"primaryImageOfPage":{"@id":"https:\/\/dentalestetikcenter.com\/iftar-ve-sahur-arasinda-dislerinizi-fircalayin\/#primaryimage"},"image":{"@id":"https:\/\/dentalestetikcenter.com\/iftar-ve-sahur-arasinda-dislerinizi-fircalayin\/#primaryimage"},"thumbnailUrl":"https:\/\/dentalestetikcenter.com\/wp-content\/uploads\/2024\/09\/iftar-ve-sahur-arasinda-dislerinizi-fircalayin.webp","datePublished":"2023-05-05T17:35:24+00:00","dateModified":"2024-09-05T19:14:30+00:00","description":"AVRUPA Estetik Di\u015f Hekimli\u011fi (EAED) Akademisi'nin d\u00f6rt T\u00fcrk \u00fcyesinden biri olan G\u00fczin K\u0131rsa\u00e7l\u0131o\u011flu, Ramazan ay\u0131nda a\u011f\u0131z ve di\u015f bak\u0131m\u0131na her zamankinden daha \u00e7ok \u00f6zen g\u00f6sterilmesi gerekti\u011fini bildirdi.","breadcrumb":{"@id":"https:\/\/dentalestetikcenter.com\/iftar-ve-sahur-arasinda-dislerinizi-fircalayin\/#breadcrumb"},"inLanguage":"fr-FR","potentialAction":[{"@type":"ReadAction","target":["https:\/\/dentalestetikcenter.com\/iftar-ve-sahur-arasinda-dislerinizi-fircalayin\/"]}]},{"@type":"ImageObject","inLanguage":"fr-FR","@id":"https:\/\/dentalestetikcenter.com\/iftar-ve-sahur-arasinda-dislerinizi-fircalayin\/#primaryimage","url":"https:\/\/dentalestetikcenter.com\/wp-content\/uploads\/2024\/09\/iftar-ve-sahur-arasinda-dislerinizi-fircalayin.webp","contentUrl":"https:\/\/dentalestetikcenter.com\/wp-content\/uploads\/2024\/09\/iftar-ve-sahur-arasinda-dislerinizi-fircalayin.webp","width":631,"height":761},{"@type":"BreadcrumbList","@id":"https:\/\/dentalestetikcenter.com\/iftar-ve-sahur-arasinda-dislerinizi-fircalayin\/#breadcrumb","itemListElement":[{"@type":"ListItem","position":1,"name":"Ana Sayfa","item":"https:\/\/dentalestetikcenter.com\/"},{"@type":"ListItem","position":2,"name":"\u0130ftar ve sahur aras\u0131nda di\u015flerinizi f\u0131r\u00e7alay\u0131n"}]},{"@type":"WebSite","@id":"https:\/\/dentalestetikcenter.com\/#website","url":"https:\/\/dentalestetikcenter.com\/","name":"Dental Estetik Center","description":"D\u00fcnya Bizimle G\u00fcl\u00fcms\u00fcyor","publisher":{"@id":"https:\/\/dentalestetikcenter.com\/#organization"},"potentialAction":[{"@type":"SearchAction","target":{"@type":"EntryPoint","urlTemplate":"https:\/\/dentalestetikcenter.com\/?s={search_term_string}"},"query-input":"required name=search_term_string"}],"inLanguage":"fr-FR"},{"@type":"Organization","@id":"https:\/\/dentalestetikcenter.com\/#organization","name":"Dental Estetik Center","url":"https:\/\/dentalestetikcenter.com\/","logo":{"@type":"ImageObject","inLanguage":"fr-FR","@id":"https:\/\/dentalestetikcenter.com\/#\/schema\/logo\/image\/","url":"https:\/\/dentalestetikcenter.com\/wp-content\/uploads\/2025\/01\/cropped-logo-png.png","contentUrl":"https:\/\/dentalestetikcenter.com\/wp-content\/uploads\/2025\/01\/cropped-logo-png.png","width":1584,"height":339,"caption":"Dental Estetik Center"},"image":{"@id":"https:\/\/dentalestetikcenter.com\/#\/schema\/logo\/image\/"}},{"@type":"Person","@id":"https:\/\/dentalestetikcenter.com\/#\/schema\/person\/2bc9935f3bbe90e820df8c8f8e6a56bd","name":"Dental","image":{"@type":"ImageObject","inLanguage":"fr-FR","@id":"https:\/\/dentalestetikcenter.com\/#\/schema\/person\/image\/","url":"https:\/\/secure.gravatar.com\/avatar\/d3c30dc58fb94537ef50f6cd89dfe16d?s=96&d=mm&r=g","contentUrl":"https:\/\/secure.gravatar.com\/avatar\/d3c30dc58fb94537ef50f6cd89dfe16d?s=96&d=mm&r=g","caption":"Dental"},"sameAs":["https:\/\/wordpress-1313768-4794498.cloudwaysapps.com"]}]}},"_links":{"self":[{"href":"https:\/\/dentalestetikcenter.com\/fr\/wp-json\/wp\/v2\/posts\/4260"}],"collection":[{"href":"https:\/\/dentalestetikcenter.com\/fr\/wp-json\/wp\/v2\/posts"}],"about":[{"href":"https:\/\/dentalestetikcenter.com\/fr\/wp-json\/wp\/v2\/types\/post"}],"author":[{"embeddable":true,"href":"https:\/\/dentalestetikcenter.com\/fr\/wp-json\/wp\/v2\/users\/1"}],"replies":[{"embeddable":true,"href":"https:\/\/dentalestetikcenter.com\/fr\/wp-json\/wp\/v2\/comments?post=4260"}],"version-history":[{"count":7,"href":"https:\/\/dentalestetikcenter.com\/fr\/wp-json\/wp\/v2\/posts\/4260\/revisions"}],"predecessor-version":[{"id":4948,"href":"https:\/\/dentalestetikcenter.com\/fr\/wp-json\/wp\/v2\/posts\/4260\/revisions\/4948"}],"wp:featuredmedia":[{"embeddable":true,"href":"https:\/\/dentalestetikcenter.com\/fr\/wp-json\/wp\/v2\/media\/4261"}],"wp:attachment":[{"href":"https:\/\/dentalestetikcenter.com\/fr\/wp-json\/wp\/v2\/media?parent=4260"}],"wp:term":[{"taxonomy":"category","embeddable":true,"href":"https:\/\/dentalestetikcenter.com\/fr\/wp-json\/wp\/v2\/categories?post=4260"},{"taxonomy":"post_tag","embeddable":true,"href":"https:\/\/dentalestetikcenter.com\/fr\/wp-json\/wp\/v2\/tags?post=4260"}],"curies":[{"name":"wp","href":"https:\/\/api.w.org\/{rel}","templated":true}]}}