{"id":4698,"date":"2022-04-02T20:28:21","date_gmt":"2022-04-02T20:28:21","guid":{"rendered":"https:\/\/dentalestetikcenter.com\/?p=4698"},"modified":"2024-09-04T20:28:56","modified_gmt":"2024-09-04T20:28:56","slug":"ramazanda-agiz-ve-dis-bakimi","status":"publish","type":"post","link":"https:\/\/dentalestetikcenter.com\/fr\/soins-bucco-dentaires-pendant-le-ramadan\/","title":{"rendered":"Soins bucco-dentaires pendant le Ramadan"},"content":{"rendered":"<div data-elementor-type=\"wp-post\" data-elementor-id=\"4698\" class=\"elementor elementor-4698\" data-elementor-post-type=\"post\">\n\t\t\t\t<div class=\"elementor-element elementor-element-c972a52 e-flex e-con-boxed e-con e-parent\" data-id=\"c972a52\" data-element_type=\"container\" data-settings=\"{&quot;_ha_eqh_enable&quot;:false}\" data-core-v316-plus=\"true\">\n\t\t\t\t\t<div class=\"e-con-inner\">\n\t\t\t\t<div class=\"elementor-element elementor-element-6a037c3 elementor-widget elementor-widget-text-editor\" data-id=\"6a037c3\" data-element_type=\"widget\" data-widget_type=\"text-editor.default\">\n\t\t\t\t<div class=\"elementor-widget-container\">\n\t\t\t<style>\/*! elementor - v3.20.0 - 26-03-2024 *\/\n.elementor-widget-text-editor.elementor-drop-cap-view-stacked .elementor-drop-cap{background-color:#69727d;color:#fff}.elementor-widget-text-editor.elementor-drop-cap-view-framed .elementor-drop-cap{color:#69727d;border:3px solid;background-color:transparent}.elementor-widget-text-editor:not(.elementor-drop-cap-view-default) .elementor-drop-cap{margin-top:8px}.elementor-widget-text-editor:not(.elementor-drop-cap-view-default) .elementor-drop-cap-letter{width:1em;height:1em}.elementor-widget-text-editor .elementor-drop-cap{float:left;text-align:center;line-height:1;font-size:50px}.elementor-widget-text-editor .elementor-drop-cap-letter{display:inline-block}<\/style>\t\t\t\t<div class=\"w-post-elm post_content\"><div class=\"w-post-elm post_content\"><div class=\"w-post-elm post_content\"><div class=\"w-post-elm post_content\"><div class=\"w-post-elm post_content\"><p>Pendant le Ramadan, lorsque les journ\u00e9es sont chaudes, la sant\u00e9 bucco-dentaire est aussi importante que la nutrition. Parce que la nutrition commence dans la bouche et les dents. Il n\u2019y a pas de r\u00e9gime alimentaire sain sans bouche saine.<\/p><p>Nos dents sont prot\u00e9g\u00e9es par la salive ainsi que par le brossage. Comme les dents ne sont pas bross\u00e9es pendant la journ\u00e9e et qu'il n'y a pas de consommation de liquide, les min\u00e9raux de la salive et les r\u00e9sidus alimentaires, qui provoquent la formation de ce que nous appelons la plaque dentaire, pr\u00e9cipitent facilement \u00e0 la surface des dents. Il est donc tr\u00e8s important de se brosser les dents au sahur.<\/p><p>M\u00eame si se brosser les dents peut sembler douloureux, surtout apr\u00e8s un repas en pleine nuit, il est tr\u00e8s important. Il ne faut pas oublier que se brosser les dents au sahur prot\u00e9gera vos dents toute la journ\u00e9e. C'est pour cette raison que les aliments situ\u00e9s sur la surface rugueuse de la langue doivent \u00eatre bross\u00e9s en particulier.<\/p><p>La langue doit \u00eatre avanc\u00e9e le plus possible et nettoy\u00e9e soigneusement avec une brosse \u00e0 dents ou un brosse-langue pr\u00e9vu \u00e0 cet effet. En plus de nettoyer toutes les dents, le nettoyage entre les dents est \u00e9galement tr\u00e8s important.<\/p><p>Du fil dentaire et des douches d\u2019interface dentaire peuvent \u00eatre utilis\u00e9s pour nettoyer entre les dents. Ceux qui aiment utiliser des appareils \u00e9lectroniques peuvent \u00e9galement prendre soin de leur bouche avec des brosses \u00e9lectriques et des irrigateurs buccaux.<\/p><p>\u00c9ruptions buccales : Les bains de bouche, qui font partie des \u00e9l\u00e9ments indispensables des soins bucco-dentaires, pr\u00e9viennent la formation des \u00ab ODEURS D'haleine \u00bb en cr\u00e9ant une zone antibact\u00e9rienne autour des dents. Pendant le Ramadan, \u00ab L'ODEUR DU PAIN \u00bb se produit physiologiquement parce que la faim la d\u00e9clenche. C'est naturel, mais la mauvaise haleine provoqu\u00e9e par le tartre ou la carie dentaire est assez intense et inqui\u00e9tante. C'est pourquoi, afin d'\u00e9viter tout probl\u00e8me pour l'environnement, une mauvaise haleine intense doit \u00eatre r\u00e9solue en consultant un dentiste. Parce que la mauvaise haleine peut \u00eatre le signe d\u2019un probl\u00e8me de carie ou de gencive, elle ne doit pas \u00eatre n\u00e9glig\u00e9e.<\/p><p>A la fin du repas sahur, un morceau de persil ou un morceau de menthe facilite la digestion et d\u00e9tend \u00e9galement la respiration.<\/p><p>Gr\u00e2ce \u00e0 son effet antibact\u00e9rien, le th\u00e9 vert peut \u00eatre consomm\u00e9 entre l'iftar et le sahur. S'il y a une \u00ab BOUCHE S\u00c8CHE \u00bb, il est n\u00e9cessaire de prendre soin de la bouche apr\u00e8s le sahur et d'utiliser un \u00ab Gel de soutien \u00e0 la salive \u00bb artificiel contenant des enzymes sp\u00e9ciales avant de se coucher. Bien que ces gels soulagent la bouche s\u00e8che, ils cr\u00e9ent \u00e9galement une couche protectrice sur les dents et les gencives.<\/p><p>Il peut \u00e9galement \u00eatre appliqu\u00e9 pendant la journ\u00e9e pour garantir que la couche protectrice reste toute la journ\u00e9e.<\/p><p>Il ne faut pas oublier que pendant que nous accomplissons nos pri\u00e8res, nous ne devons pas n\u00e9gliger la protection de nos dents et ne devons pas nuire \u00e0 notre environnement \"AVEC LA RESPIRATION\", m\u00eame si elles doivent nous servir toute une vie.<\/p><\/div><\/div><\/div><\/div><\/div>\t\t\t\t\t\t<\/div>\n\t\t\t\t<\/div>\n\t\t\t\t\t<\/div>\n\t\t\t\t<\/div>\n\t\t\t\t<\/div>","protected":false},"excerpt":{"rendered":"<p>S\u0131cak g\u00fcnlerin ya\u015fand\u0131\u011f\u0131 ramazan ay\u0131nda beslenme kadar a\u011f\u0131z ve di\u015f sa\u011fl\u0131\u011f\u0131n\u0131n da olduk\u00e7a \u00f6nemi var. \u00c7\u00fcnk\u00fc beslenme a\u011f\u0131z ve di\u015flerde ba\u015flar. Sa\u011fl\u0131kl\u0131 bir a\u011f\u0131z olmadan sa\u011fl\u0131kl\u0131 bir beslenme olmaz. Di\u015flerimiz di\u015f f\u0131r\u00e7alaman\u0131n yan\u0131 s\u0131ra t\u00fck\u00fcr\u00fck taraf\u0131ndan da korunur. G\u00fcn i\u00e7erisinde di\u015fler f\u0131r\u00e7alanmad\u0131\u011f\u0131ndan ve s\u0131v\u0131 t\u00fcketimi olmad\u0131\u011f\u0131ndan di\u015f pla\u011f\u0131 dedi\u011fimiz yap\u0131n\u0131n olu\u015fmas\u0131na neden olan t\u00fck\u00fcr\u00fck mineralleri [&hellip;]<\/p>","protected":false},"author":1,"featured_media":4699,"comment_status":"closed","ping_status":"open","sticky":false,"template":"","format":"standard","meta":{"content-type":"","footnotes":""},"categories":[21],"tags":[],"class_list":["post-4698","post","type-post","status-publish","format-standard","has-post-thumbnail","hentry","category-haber-bulteni"],"yoast_head":"<!-- This site is optimized with the Yoast SEO plugin v23.3 - https:\/\/yoast.com\/wordpress\/plugins\/seo\/ -->\n<title>Ramazanda A\u011f\u0131z ve Di\u015f Bak\u0131m\u0131 - Dental Estetik Center<\/title>\n<meta name=\"description\" content=\"S\u0131cak g\u00fcnlerin ya\u015fand\u0131\u011f\u0131 ramazan ay\u0131nda beslenme kadar a\u011f\u0131z ve di\u015f sa\u011fl\u0131\u011f\u0131n\u0131n da olduk\u00e7a \u00f6nemi var.\" \/>\n<meta name=\"robots\" content=\"index, follow, max-snippet:-1, max-image-preview:large, max-video-preview:-1\" \/>\n<link rel=\"canonical\" href=\"https:\/\/dentalestetikcenter.com\/fr\/soins-bucco-dentaires-pendant-le-ramadan\/\" \/>\n<meta property=\"og:locale\" content=\"fr_FR\" \/>\n<meta property=\"og:type\" content=\"article\" \/>\n<meta property=\"og:title\" content=\"Ramazanda A\u011f\u0131z ve Di\u015f Bak\u0131m\u0131 - Dental Estetik Center\" \/>\n<meta property=\"og:description\" content=\"S\u0131cak g\u00fcnlerin ya\u015fand\u0131\u011f\u0131 ramazan ay\u0131nda beslenme kadar a\u011f\u0131z ve di\u015f sa\u011fl\u0131\u011f\u0131n\u0131n da olduk\u00e7a \u00f6nemi var.\" \/>\n<meta property=\"og:url\" content=\"https:\/\/dentalestetikcenter.com\/fr\/soins-bucco-dentaires-pendant-le-ramadan\/\" \/>\n<meta property=\"og:site_name\" content=\"Dental Estetik Center\" \/>\n<meta property=\"article:published_time\" content=\"2022-04-02T20:28:21+00:00\" \/>\n<meta property=\"article:modified_time\" content=\"2024-09-04T20:28:56+00:00\" \/>\n<meta property=\"og:image\" content=\"https:\/\/dentalestetikcenter.com\/wp-content\/uploads\/2024\/09\/ramazan-dis-bakimi.webp\" \/>\n\t<meta property=\"og:image:width\" content=\"1200\" \/>\n\t<meta property=\"og:image:height\" content=\"680\" \/>\n\t<meta property=\"og:image:type\" content=\"image\/webp\" \/>\n<meta name=\"author\" content=\"Dental\" \/>\n<meta name=\"twitter:card\" content=\"summary_large_image\" \/>\n<meta name=\"twitter:label1\" content=\"Written by\" \/>\n\t<meta name=\"twitter:data1\" content=\"Dental\" \/>\n\t<meta name=\"twitter:label2\" content=\"Est. reading time\" \/>\n\t<meta name=\"twitter:data2\" content=\"3 minutes\" \/>\n<script type=\"application\/ld+json\" class=\"yoast-schema-graph\">{\"@context\":\"https:\/\/schema.org\",\"@graph\":[{\"@type\":\"Article\",\"@id\":\"https:\/\/dentalestetikcenter.com\/ramazanda-agiz-ve-dis-bakimi\/#article\",\"isPartOf\":{\"@id\":\"https:\/\/dentalestetikcenter.com\/ramazanda-agiz-ve-dis-bakimi\/\"},\"author\":{\"name\":\"Dental\",\"@id\":\"https:\/\/dentalestetikcenter.com\/#\/schema\/person\/2bc9935f3bbe90e820df8c8f8e6a56bd\"},\"headline\":\"Ramazanda A\u011f\u0131z ve Di\u015f Bak\u0131m\u0131\",\"datePublished\":\"2022-04-02T20:28:21+00:00\",\"dateModified\":\"2024-09-04T20:28:56+00:00\",\"mainEntityOfPage\":{\"@id\":\"https:\/\/dentalestetikcenter.com\/ramazanda-agiz-ve-dis-bakimi\/\"},\"wordCount\":531,\"publisher\":{\"@id\":\"https:\/\/dentalestetikcenter.com\/#organization\"},\"image\":{\"@id\":\"https:\/\/dentalestetikcenter.com\/ramazanda-agiz-ve-dis-bakimi\/#primaryimage\"},\"thumbnailUrl\":\"https:\/\/dentalestetikcenter.com\/wp-content\/uploads\/2024\/09\/ramazan-dis-bakimi.webp\",\"articleSection\":[\"Haber B\u00fclteni\"],\"inLanguage\":\"fr-FR\"},{\"@type\":\"WebPage\",\"@id\":\"https:\/\/dentalestetikcenter.com\/ramazanda-agiz-ve-dis-bakimi\/\",\"url\":\"https:\/\/dentalestetikcenter.com\/ramazanda-agiz-ve-dis-bakimi\/\",\"name\":\"Ramazanda A\u011f\u0131z ve Di\u015f Bak\u0131m\u0131 - Dental Estetik Center\",\"isPartOf\":{\"@id\":\"https:\/\/dentalestetikcenter.com\/#website\"},\"primaryImageOfPage\":{\"@id\":\"https:\/\/dentalestetikcenter.com\/ramazanda-agiz-ve-dis-bakimi\/#primaryimage\"},\"image\":{\"@id\":\"https:\/\/dentalestetikcenter.com\/ramazanda-agiz-ve-dis-bakimi\/#primaryimage\"},\"thumbnailUrl\":\"https:\/\/dentalestetikcenter.com\/wp-content\/uploads\/2024\/09\/ramazan-dis-bakimi.webp\",\"datePublished\":\"2022-04-02T20:28:21+00:00\",\"dateModified\":\"2024-09-04T20:28:56+00:00\",\"description\":\"S\u0131cak g\u00fcnlerin ya\u015fand\u0131\u011f\u0131 ramazan ay\u0131nda beslenme kadar a\u011f\u0131z ve di\u015f sa\u011fl\u0131\u011f\u0131n\u0131n da olduk\u00e7a \u00f6nemi var.\",\"breadcrumb\":{\"@id\":\"https:\/\/dentalestetikcenter.com\/ramazanda-agiz-ve-dis-bakimi\/#breadcrumb\"},\"inLanguage\":\"fr-FR\",\"potentialAction\":[{\"@type\":\"ReadAction\",\"target\":[\"https:\/\/dentalestetikcenter.com\/ramazanda-agiz-ve-dis-bakimi\/\"]}]},{\"@type\":\"ImageObject\",\"inLanguage\":\"fr-FR\",\"@id\":\"https:\/\/dentalestetikcenter.com\/ramazanda-agiz-ve-dis-bakimi\/#primaryimage\",\"url\":\"https:\/\/dentalestetikcenter.com\/wp-content\/uploads\/2024\/09\/ramazan-dis-bakimi.webp\",\"contentUrl\":\"https:\/\/dentalestetikcenter.com\/wp-content\/uploads\/2024\/09\/ramazan-dis-bakimi.webp\",\"width\":1200,\"height\":680},{\"@type\":\"BreadcrumbList\",\"@id\":\"https:\/\/dentalestetikcenter.com\/ramazanda-agiz-ve-dis-bakimi\/#breadcrumb\",\"itemListElement\":[{\"@type\":\"ListItem\",\"position\":1,\"name\":\"Ana Sayfa\",\"item\":\"https:\/\/dentalestetikcenter.com\/\"},{\"@type\":\"ListItem\",\"position\":2,\"name\":\"Ramazanda A\u011f\u0131z ve Di\u015f Bak\u0131m\u0131\"}]},{\"@type\":\"WebSite\",\"@id\":\"https:\/\/dentalestetikcenter.com\/#website\",\"url\":\"https:\/\/dentalestetikcenter.com\/\",\"name\":\"Dental Estetik Center\",\"description\":\"D\u00fcnya Bizimle G\u00fcl\u00fcms\u00fcyor\",\"publisher\":{\"@id\":\"https:\/\/dentalestetikcenter.com\/#organization\"},\"potentialAction\":[{\"@type\":\"SearchAction\",\"target\":{\"@type\":\"EntryPoint\",\"urlTemplate\":\"https:\/\/dentalestetikcenter.com\/?s={search_term_string}\"},\"query-input\":\"required name=search_term_string\"}],\"inLanguage\":\"fr-FR\"},{\"@type\":\"Organization\",\"@id\":\"https:\/\/dentalestetikcenter.com\/#organization\",\"name\":\"Dental Estetik Center\",\"url\":\"https:\/\/dentalestetikcenter.com\/\",\"logo\":{\"@type\":\"ImageObject\",\"inLanguage\":\"fr-FR\",\"@id\":\"https:\/\/dentalestetikcenter.com\/#\/schema\/logo\/image\/\",\"url\":\"https:\/\/dentalestetikcenter.com\/wp-content\/uploads\/2025\/01\/cropped-logo-png.png\",\"contentUrl\":\"https:\/\/dentalestetikcenter.com\/wp-content\/uploads\/2025\/01\/cropped-logo-png.png\",\"width\":1584,\"height\":339,\"caption\":\"Dental Estetik Center\"},\"image\":{\"@id\":\"https:\/\/dentalestetikcenter.com\/#\/schema\/logo\/image\/\"}},{\"@type\":\"Person\",\"@id\":\"https:\/\/dentalestetikcenter.com\/#\/schema\/person\/2bc9935f3bbe90e820df8c8f8e6a56bd\",\"name\":\"Dental\",\"image\":{\"@type\":\"ImageObject\",\"inLanguage\":\"fr-FR\",\"@id\":\"https:\/\/dentalestetikcenter.com\/#\/schema\/person\/image\/\",\"url\":\"https:\/\/secure.gravatar.com\/avatar\/d3c30dc58fb94537ef50f6cd89dfe16d?s=96&d=mm&r=g\",\"contentUrl\":\"https:\/\/secure.gravatar.com\/avatar\/d3c30dc58fb94537ef50f6cd89dfe16d?s=96&d=mm&r=g\",\"caption\":\"Dental\"},\"sameAs\":[\"https:\/\/wordpress-1313768-4794498.cloudwaysapps.com\"]}]}<\/script>\n<!-- \/ Yoast SEO plugin. -->","yoast_head_json":{"title":"Ramazanda A\u011f\u0131z ve Di\u015f Bak\u0131m\u0131 - Dental Estetik Center","description":"S\u0131cak g\u00fcnlerin ya\u015fand\u0131\u011f\u0131 ramazan ay\u0131nda beslenme kadar a\u011f\u0131z ve di\u015f sa\u011fl\u0131\u011f\u0131n\u0131n da olduk\u00e7a \u00f6nemi var.","robots":{"index":"index","follow":"follow","max-snippet":"max-snippet:-1","max-image-preview":"max-image-preview:large","max-video-preview":"max-video-preview:-1"},"canonical":"https:\/\/dentalestetikcenter.com\/fr\/soins-bucco-dentaires-pendant-le-ramadan\/","og_locale":"fr_FR","og_type":"article","og_title":"Ramazanda A\u011f\u0131z ve Di\u015f Bak\u0131m\u0131 - Dental Estetik Center","og_description":"S\u0131cak g\u00fcnlerin ya\u015fand\u0131\u011f\u0131 ramazan ay\u0131nda beslenme kadar a\u011f\u0131z ve di\u015f sa\u011fl\u0131\u011f\u0131n\u0131n da olduk\u00e7a \u00f6nemi var.","og_url":"https:\/\/dentalestetikcenter.com\/fr\/soins-bucco-dentaires-pendant-le-ramadan\/","og_site_name":"Dental Estetik Center","article_published_time":"2022-04-02T20:28:21+00:00","article_modified_time":"2024-09-04T20:28:56+00:00","og_image":[{"width":1200,"height":680,"url":"https:\/\/dentalestetikcenter.com\/wp-content\/uploads\/2024\/09\/ramazan-dis-bakimi.webp","type":"image\/webp"}],"author":"Dental","twitter_card":"summary_large_image","twitter_misc":{"Written by":"Dental","Est. reading time":"3 minutes"},"schema":{"@context":"https:\/\/schema.org","@graph":[{"@type":"Article","@id":"https:\/\/dentalestetikcenter.com\/ramazanda-agiz-ve-dis-bakimi\/#article","isPartOf":{"@id":"https:\/\/dentalestetikcenter.com\/ramazanda-agiz-ve-dis-bakimi\/"},"author":{"name":"Dental","@id":"https:\/\/dentalestetikcenter.com\/#\/schema\/person\/2bc9935f3bbe90e820df8c8f8e6a56bd"},"headline":"Ramazanda A\u011f\u0131z ve Di\u015f Bak\u0131m\u0131","datePublished":"2022-04-02T20:28:21+00:00","dateModified":"2024-09-04T20:28:56+00:00","mainEntityOfPage":{"@id":"https:\/\/dentalestetikcenter.com\/ramazanda-agiz-ve-dis-bakimi\/"},"wordCount":531,"publisher":{"@id":"https:\/\/dentalestetikcenter.com\/#organization"},"image":{"@id":"https:\/\/dentalestetikcenter.com\/ramazanda-agiz-ve-dis-bakimi\/#primaryimage"},"thumbnailUrl":"https:\/\/dentalestetikcenter.com\/wp-content\/uploads\/2024\/09\/ramazan-dis-bakimi.webp","articleSection":["Haber B\u00fclteni"],"inLanguage":"fr-FR"},{"@type":"WebPage","@id":"https:\/\/dentalestetikcenter.com\/ramazanda-agiz-ve-dis-bakimi\/","url":"https:\/\/dentalestetikcenter.com\/ramazanda-agiz-ve-dis-bakimi\/","name":"Ramazanda A\u011f\u0131z ve Di\u015f Bak\u0131m\u0131 - Dental Estetik Center","isPartOf":{"@id":"https:\/\/dentalestetikcenter.com\/#website"},"primaryImageOfPage":{"@id":"https:\/\/dentalestetikcenter.com\/ramazanda-agiz-ve-dis-bakimi\/#primaryimage"},"image":{"@id":"https:\/\/dentalestetikcenter.com\/ramazanda-agiz-ve-dis-bakimi\/#primaryimage"},"thumbnailUrl":"https:\/\/dentalestetikcenter.com\/wp-content\/uploads\/2024\/09\/ramazan-dis-bakimi.webp","datePublished":"2022-04-02T20:28:21+00:00","dateModified":"2024-09-04T20:28:56+00:00","description":"S\u0131cak g\u00fcnlerin ya\u015fand\u0131\u011f\u0131 ramazan ay\u0131nda beslenme kadar a\u011f\u0131z ve di\u015f sa\u011fl\u0131\u011f\u0131n\u0131n da olduk\u00e7a \u00f6nemi var.","breadcrumb":{"@id":"https:\/\/dentalestetikcenter.com\/ramazanda-agiz-ve-dis-bakimi\/#breadcrumb"},"inLanguage":"fr-FR","potentialAction":[{"@type":"ReadAction","target":["https:\/\/dentalestetikcenter.com\/ramazanda-agiz-ve-dis-bakimi\/"]}]},{"@type":"ImageObject","inLanguage":"fr-FR","@id":"https:\/\/dentalestetikcenter.com\/ramazanda-agiz-ve-dis-bakimi\/#primaryimage","url":"https:\/\/dentalestetikcenter.com\/wp-content\/uploads\/2024\/09\/ramazan-dis-bakimi.webp","contentUrl":"https:\/\/dentalestetikcenter.com\/wp-content\/uploads\/2024\/09\/ramazan-dis-bakimi.webp","width":1200,"height":680},{"@type":"BreadcrumbList","@id":"https:\/\/dentalestetikcenter.com\/ramazanda-agiz-ve-dis-bakimi\/#breadcrumb","itemListElement":[{"@type":"ListItem","position":1,"name":"Ana Sayfa","item":"https:\/\/dentalestetikcenter.com\/"},{"@type":"ListItem","position":2,"name":"Ramazanda A\u011f\u0131z ve Di\u015f Bak\u0131m\u0131"}]},{"@type":"WebSite","@id":"https:\/\/dentalestetikcenter.com\/#website","url":"https:\/\/dentalestetikcenter.com\/","name":"Dental Estetik Center","description":"D\u00fcnya Bizimle G\u00fcl\u00fcms\u00fcyor","publisher":{"@id":"https:\/\/dentalestetikcenter.com\/#organization"},"potentialAction":[{"@type":"SearchAction","target":{"@type":"EntryPoint","urlTemplate":"https:\/\/dentalestetikcenter.com\/?s={search_term_string}"},"query-input":"required name=search_term_string"}],"inLanguage":"fr-FR"},{"@type":"Organization","@id":"https:\/\/dentalestetikcenter.com\/#organization","name":"Dental Estetik Center","url":"https:\/\/dentalestetikcenter.com\/","logo":{"@type":"ImageObject","inLanguage":"fr-FR","@id":"https:\/\/dentalestetikcenter.com\/#\/schema\/logo\/image\/","url":"https:\/\/dentalestetikcenter.com\/wp-content\/uploads\/2025\/01\/cropped-logo-png.png","contentUrl":"https:\/\/dentalestetikcenter.com\/wp-content\/uploads\/2025\/01\/cropped-logo-png.png","width":1584,"height":339,"caption":"Dental Estetik Center"},"image":{"@id":"https:\/\/dentalestetikcenter.com\/#\/schema\/logo\/image\/"}},{"@type":"Person","@id":"https:\/\/dentalestetikcenter.com\/#\/schema\/person\/2bc9935f3bbe90e820df8c8f8e6a56bd","name":"Dental","image":{"@type":"ImageObject","inLanguage":"fr-FR","@id":"https:\/\/dentalestetikcenter.com\/#\/schema\/person\/image\/","url":"https:\/\/secure.gravatar.com\/avatar\/d3c30dc58fb94537ef50f6cd89dfe16d?s=96&d=mm&r=g","contentUrl":"https:\/\/secure.gravatar.com\/avatar\/d3c30dc58fb94537ef50f6cd89dfe16d?s=96&d=mm&r=g","caption":"Dental"},"sameAs":["https:\/\/wordpress-1313768-4794498.cloudwaysapps.com"]}]}},"_links":{"self":[{"href":"https:\/\/dentalestetikcenter.com\/fr\/wp-json\/wp\/v2\/posts\/4698"}],"collection":[{"href":"https:\/\/dentalestetikcenter.com\/fr\/wp-json\/wp\/v2\/posts"}],"about":[{"href":"https:\/\/dentalestetikcenter.com\/fr\/wp-json\/wp\/v2\/types\/post"}],"author":[{"embeddable":true,"href":"https:\/\/dentalestetikcenter.com\/fr\/wp-json\/wp\/v2\/users\/1"}],"replies":[{"embeddable":true,"href":"https:\/\/dentalestetikcenter.com\/fr\/wp-json\/wp\/v2\/comments?post=4698"}],"version-history":[{"count":4,"href":"https:\/\/dentalestetikcenter.com\/fr\/wp-json\/wp\/v2\/posts\/4698\/revisions"}],"predecessor-version":[{"id":4703,"href":"https:\/\/dentalestetikcenter.com\/fr\/wp-json\/wp\/v2\/posts\/4698\/revisions\/4703"}],"wp:featuredmedia":[{"embeddable":true,"href":"https:\/\/dentalestetikcenter.com\/fr\/wp-json\/wp\/v2\/media\/4699"}],"wp:attachment":[{"href":"https:\/\/dentalestetikcenter.com\/fr\/wp-json\/wp\/v2\/media?parent=4698"}],"wp:term":[{"taxonomy":"category","embeddable":true,"href":"https:\/\/dentalestetikcenter.com\/fr\/wp-json\/wp\/v2\/categories?post=4698"},{"taxonomy":"post_tag","embeddable":true,"href":"https:\/\/dentalestetikcenter.com\/fr\/wp-json\/wp\/v2\/tags?post=4698"}],"curies":[{"name":"wp","href":"https:\/\/api.w.org\/{rel}","templated":true}]}}