{"id":4710,"date":"2022-05-05T20:32:37","date_gmt":"2022-05-05T20:32:37","guid":{"rendered":"https:\/\/dentalestetikcenter.com\/?p=4710"},"modified":"2024-09-05T21:00:32","modified_gmt":"2024-09-05T21:00:32","slug":"dis-hekimi-korkusu","status":"publish","type":"post","link":"https:\/\/dentalestetikcenter.com\/fr\/peur-du-dentiste-2\/","title":{"rendered":"Peur du dentiste"},"content":{"rendered":"<div data-elementor-type=\"wp-post\" data-elementor-id=\"4710\" class=\"elementor elementor-4710\" data-elementor-post-type=\"post\">\n\t\t\t\t<div class=\"elementor-element elementor-element-c972a52 e-flex e-con-boxed e-con e-parent\" data-id=\"c972a52\" data-element_type=\"container\" data-settings=\"{&quot;_ha_eqh_enable&quot;:false}\" data-core-v316-plus=\"true\">\n\t\t\t\t\t<div class=\"e-con-inner\">\n\t\t\t\t<div class=\"elementor-element elementor-element-6a037c3 elementor-widget elementor-widget-text-editor\" data-id=\"6a037c3\" data-element_type=\"widget\" data-widget_type=\"text-editor.default\">\n\t\t\t\t<div class=\"elementor-widget-container\">\n\t\t\t<style>\/*! elementor - v3.20.0 - 26-03-2024 *\/\n.elementor-widget-text-editor.elementor-drop-cap-view-stacked .elementor-drop-cap{background-color:#69727d;color:#fff}.elementor-widget-text-editor.elementor-drop-cap-view-framed .elementor-drop-cap{color:#69727d;border:3px solid;background-color:transparent}.elementor-widget-text-editor:not(.elementor-drop-cap-view-default) .elementor-drop-cap{margin-top:8px}.elementor-widget-text-editor:not(.elementor-drop-cap-view-default) .elementor-drop-cap-letter{width:1em;height:1em}.elementor-widget-text-editor .elementor-drop-cap{float:left;text-align:center;line-height:1;font-size:50px}.elementor-widget-text-editor .elementor-drop-cap-letter{display:inline-block}<\/style>\t\t\t\t<div class=\"w-post-elm post_content\"><div class=\"w-post-elm post_content\"><div class=\"w-post-elm post_content\"><div class=\"w-post-elm post_content\"><div class=\"w-post-elm post_content\"><p>Les dents et la perception des dents sont en r\u00e9alit\u00e9 compatibles avec la douleur. Tout comme lorsque les dents \u00e9clatent pour la premi\u00e8re fois dans la bouche, elles s'installent dans la bouche, blessant le b\u00e9b\u00e9 avec leur structure pointue, et pendant cette p\u00e9riode, pendant que le b\u00e9b\u00e9 t\u00e8te, il mord le sein de la m\u00e8re avec cet organe pointu nouvellement acquis et le blesse. Avez-vous d\u00e9j\u00e0 pens\u00e9 ainsi ? Perception dentaire, c'est-\u00e0-dire que nous percevons nos dents avec douleur. Il est douloureux de le mettre en bouche et pendant qu'il fonctionne, il est in\u00e9vitable que cela fasse mal.<\/p><p>La peur a une part importante dans nos vies. La peur est une sorte de r\u00e9flexe de protection dont nous devons faire preuve.<\/p><h2>Que nous fait faire la peur du dentiste ?<\/h2><div class=\"lwptoc lwptoc-autoWidth lwptoc-baseItems lwptoc-inherit\" data-smooth-scroll=\"1\" data-smooth-scroll-offset=\"24\" data-lwptoc-initialized=\"1\"><div class=\"lwptoc_i\"><div class=\"lwptoc_items lwptoc_items-visible\"><div class=\"lwptoc_itemWrap\"><div class=\"lwptoc_item\">Cela nous am\u00e8ne \u00e0 nous promener avec des maux de dents constants. Ce mal de dents, qui affecte \u00e9galement notre quotidien, ou des dents en mauvais \u00e9tat entra\u00eenent une perte de confiance en soi. Ne pas pouvoir aller chez le dentiste sauf n\u00e9cessit\u00e9 et les rendez-vous report\u00e9s augmentent les probl\u00e8mes dentaires.<\/div><\/div><\/div><\/div><\/div><h2>Qui a le plus peur du dentiste ?<\/h2><p>Des \u00e9tudes ont montr\u00e9 que le niveau de peur est plus \u00e9lev\u00e9 chez les hommes que chez les femmes, car les hommes ne sont pas habitu\u00e9s \u00e0 traiter les zones du visage. Notre distance de 50 cm est notre espace priv\u00e9. Nous autorisons uniquement des personnes sp\u00e9ciales telles que nos m\u00e8res, nos p\u00e8res, nos enfants et nos conjoints \u00e0 acc\u00e9der \u00e0 cet espace priv\u00e9. Pour cette raison, alors que les femmes re\u00e7oivent le soutien d'autres personnes dans les soins cosm\u00e9tiques, les hommes n'ont pas ce contact avec d'autres personnes, donc le dentiste qui entre dans ce domaine leur fera peur. De plus, le corps f\u00e9minin conna\u00eet des menstruations r\u00e9guli\u00e8res chaque mois. Cela rend le corps f\u00e9minin plus durable.<\/p><h2>Comment puis-je d\u00e9crire ma peur du dentiste ?<\/h2><p>D\u00e9terminez la raison de votre peur du dentiste. Qu'est-ce qui vous pousse \u00e0 cette peur\u00a0?<\/p><ul><li>Vous craignez un r\u00e9sultat n\u00e9gatif\u00a0?<\/li><li>Mauvaise exp\u00e9rience ?<\/li><li>Incertitude? (Que va-t-il m'arriver)<\/li><li>Le traitement est-il long ?<\/li><li>Les instruments poignardants p\u00e9n\u00e9treront-ils dans votre bouche\u00a0?<\/li><li>Avez-vous peur de vous blesser soudainement parce que votre sens du toucher est intense ?<\/li><li>Les sons des instruments ?<\/li><li>Est-ce l'odeur de l'environnement ? (Comme l'odeur du m\u00e9dicament)<\/li><\/ul><p>D\u00e9crivez-nous votre peur.<\/p><h2>Comment expliquer ma peur du dentiste au dentiste ?<\/h2><p>Pour cette raison, essayez de consulter un m\u00e9decin qui comprendra votre peur. Vous pouvez consulter des amis qui ont d\u00e9j\u00e0 eu des exp\u00e9riences positives. Sentez-vous en s\u00e9curit\u00e9. N'oubliez pas que les dentistes comprendront votre peur et d\u00e9velopperont des m\u00e9thodes sp\u00e9ciales pour vous.<\/p><h2>Comment surmonter ma peur du dentiste ?<\/h2><p>Apr\u00e8s l'avoir partag\u00e9 avec vos dentistes, soumettez-le \u00e0 votre dentiste professionnel. Expliquez toutes vos raisons de peur. Car dans le monde d\u2019aujourd\u2019hui, les m\u00e9thodes de soins dentaires sont d\u00e9sormais tr\u00e8s confortables avec une anesth\u00e9sie avanc\u00e9e. De nombreuses m\u00e9thodes de soins dentaires sont beaucoup moins douloureuses qu\u2019une simple \u00e9pilation du visage. Ne laissez pas la perception des dents et la peur du dentiste emp\u00eacher les pr\u00e9jug\u00e9s et les traitements qui vous seront b\u00e9n\u00e9fiques.<\/p><p>COMMENCEZ PAR DES TRAITEMENTS SIMPLES<\/p><p>SOYEZ PR\u00caT \u00c0 EFFACER VOS PR\u00c9JUG\u00c9S<\/p><p>\u00c9LIMINEZ VOS PR\u00c9JUG\u00c9S<\/p><\/div><\/div><\/div><\/div><\/div>\t\t\t\t\t\t<\/div>\n\t\t\t\t<\/div>\n\t\t\t\t\t<\/div>\n\t\t\t\t<\/div>\n\t\t\t\t<\/div>","protected":false},"excerpt":{"rendered":"<p>Di\u015fler ve di\u015f alg\u0131s\u0131 asl\u0131nda ac\u0131 ile ba\u011fda\u015f\u0131r. Nas\u0131l di\u015fler ilk a\u011f\u0131zda s\u00fcrd\u00fc\u011f\u00fcnde keskin yap\u0131s\u0131 ile bebe\u011fin can\u0131n\u0131 ac\u0131tarak a\u011f\u0131za yerle\u015fir ki bu d\u00f6nemde bebek emdi\u011fi i\u00e7in annenin memesini bu yeni kavu\u015ftu\u011fu keskin organ\u0131yla \u0131s\u0131rarak ac\u0131t\u0131r. Hi\u00e7 b\u00f6yle d\u00fc\u015f\u00fcnm\u00fc\u015f m\u00fcyd\u00fcn\u00fcz? Di\u015f alg\u0131s\u0131 yani di\u015flerimizi ac\u0131 ile alg\u0131l\u0131yoruz. A\u011f\u0131za s\u00fcrmesi ac\u0131 ve fonksiyon g\u00f6r\u00fcr iken ac\u0131 [&hellip;]<\/p>","protected":false},"author":1,"featured_media":4711,"comment_status":"closed","ping_status":"open","sticky":false,"template":"","format":"standard","meta":{"content-type":"","footnotes":""},"categories":[21],"tags":[],"class_list":["post-4710","post","type-post","status-publish","format-standard","has-post-thumbnail","hentry","category-haber-bulteni"],"yoast_head":"<!-- This site is optimized with the Yoast SEO plugin v23.3 - https:\/\/yoast.com\/wordpress\/plugins\/seo\/ -->\n<title>Di\u015f Hekimi Korkusu - Dental Estetik Center<\/title>\n<meta name=\"description\" content=\"Di\u015fler ve di\u015f alg\u0131s\u0131 asl\u0131nda ac\u0131 ile ba\u011fda\u015f\u0131r. Nas\u0131l di\u015fler ilk a\u011f\u0131zda s\u00fcrd\u00fc\u011f\u00fcnde keskin yap\u0131s\u0131 ile bebe\u011fin can\u0131n\u0131 ac\u0131tarak a\u011f\u0131za yerle\u015fir ki bu d\u00f6nemde bebek emdi\u011fi i\u00e7in annenin memesini bu yeni kavu\u015ftu\u011fu keskin organ\u0131yla \u0131s\u0131rarak ac\u0131t\u0131r.\" \/>\n<meta name=\"robots\" content=\"index, follow, max-snippet:-1, max-image-preview:large, max-video-preview:-1\" \/>\n<link rel=\"canonical\" href=\"https:\/\/dentalestetikcenter.com\/fr\/peur-du-dentiste-2\/\" \/>\n<meta property=\"og:locale\" content=\"fr_FR\" \/>\n<meta property=\"og:type\" content=\"article\" \/>\n<meta property=\"og:title\" content=\"Di\u015f Hekimi Korkusu - Dental Estetik Center\" \/>\n<meta property=\"og:description\" content=\"Di\u015fler ve di\u015f alg\u0131s\u0131 asl\u0131nda ac\u0131 ile ba\u011fda\u015f\u0131r. Nas\u0131l di\u015fler ilk a\u011f\u0131zda s\u00fcrd\u00fc\u011f\u00fcnde keskin yap\u0131s\u0131 ile bebe\u011fin can\u0131n\u0131 ac\u0131tarak a\u011f\u0131za yerle\u015fir ki bu d\u00f6nemde bebek emdi\u011fi i\u00e7in annenin memesini bu yeni kavu\u015ftu\u011fu keskin organ\u0131yla \u0131s\u0131rarak ac\u0131t\u0131r.\" \/>\n<meta property=\"og:url\" content=\"https:\/\/dentalestetikcenter.com\/fr\/peur-du-dentiste-2\/\" \/>\n<meta property=\"og:site_name\" content=\"Dental Estetik Center\" \/>\n<meta property=\"article:published_time\" content=\"2022-05-05T20:32:37+00:00\" \/>\n<meta property=\"article:modified_time\" content=\"2024-09-05T21:00:32+00:00\" \/>\n<meta property=\"og:image\" content=\"https:\/\/dentalestetikcenter.com\/wp-content\/uploads\/2024\/09\/dis-hekimi-korkusu-resim.webp\" \/>\n\t<meta property=\"og:image:width\" content=\"1200\" \/>\n\t<meta property=\"og:image:height\" content=\"680\" \/>\n\t<meta property=\"og:image:type\" content=\"image\/webp\" \/>\n<meta name=\"author\" content=\"Dental\" \/>\n<meta name=\"twitter:card\" content=\"summary_large_image\" \/>\n<meta name=\"twitter:label1\" content=\"Written by\" \/>\n\t<meta name=\"twitter:data1\" content=\"Dental\" \/>\n\t<meta name=\"twitter:label2\" content=\"Est. reading time\" \/>\n\t<meta name=\"twitter:data2\" content=\"3 minutes\" \/>\n<script type=\"application\/ld+json\" class=\"yoast-schema-graph\">{\"@context\":\"https:\/\/schema.org\",\"@graph\":[{\"@type\":\"Article\",\"@id\":\"https:\/\/dentalestetikcenter.com\/dis-hekimi-korkusu\/#article\",\"isPartOf\":{\"@id\":\"https:\/\/dentalestetikcenter.com\/dis-hekimi-korkusu\/\"},\"author\":{\"name\":\"Dental\",\"@id\":\"https:\/\/dentalestetikcenter.com\/#\/schema\/person\/2bc9935f3bbe90e820df8c8f8e6a56bd\"},\"headline\":\"Di\u015f Hekimi Korkusu\",\"datePublished\":\"2022-05-05T20:32:37+00:00\",\"dateModified\":\"2024-09-05T21:00:32+00:00\",\"mainEntityOfPage\":{\"@id\":\"https:\/\/dentalestetikcenter.com\/dis-hekimi-korkusu\/\"},\"wordCount\":560,\"publisher\":{\"@id\":\"https:\/\/dentalestetikcenter.com\/#organization\"},\"image\":{\"@id\":\"https:\/\/dentalestetikcenter.com\/dis-hekimi-korkusu\/#primaryimage\"},\"thumbnailUrl\":\"https:\/\/dentalestetikcenter.com\/wp-content\/uploads\/2024\/09\/dis-hekimi-korkusu-resim.webp\",\"articleSection\":[\"Haber B\u00fclteni\"],\"inLanguage\":\"fr-FR\"},{\"@type\":\"WebPage\",\"@id\":\"https:\/\/dentalestetikcenter.com\/dis-hekimi-korkusu\/\",\"url\":\"https:\/\/dentalestetikcenter.com\/dis-hekimi-korkusu\/\",\"name\":\"Di\u015f Hekimi Korkusu - Dental Estetik Center\",\"isPartOf\":{\"@id\":\"https:\/\/dentalestetikcenter.com\/#website\"},\"primaryImageOfPage\":{\"@id\":\"https:\/\/dentalestetikcenter.com\/dis-hekimi-korkusu\/#primaryimage\"},\"image\":{\"@id\":\"https:\/\/dentalestetikcenter.com\/dis-hekimi-korkusu\/#primaryimage\"},\"thumbnailUrl\":\"https:\/\/dentalestetikcenter.com\/wp-content\/uploads\/2024\/09\/dis-hekimi-korkusu-resim.webp\",\"datePublished\":\"2022-05-05T20:32:37+00:00\",\"dateModified\":\"2024-09-05T21:00:32+00:00\",\"description\":\"Di\u015fler ve di\u015f alg\u0131s\u0131 asl\u0131nda ac\u0131 ile ba\u011fda\u015f\u0131r. Nas\u0131l di\u015fler ilk a\u011f\u0131zda s\u00fcrd\u00fc\u011f\u00fcnde keskin yap\u0131s\u0131 ile bebe\u011fin can\u0131n\u0131 ac\u0131tarak a\u011f\u0131za yerle\u015fir ki bu d\u00f6nemde bebek emdi\u011fi i\u00e7in annenin memesini bu yeni kavu\u015ftu\u011fu keskin organ\u0131yla \u0131s\u0131rarak ac\u0131t\u0131r.\",\"breadcrumb\":{\"@id\":\"https:\/\/dentalestetikcenter.com\/dis-hekimi-korkusu\/#breadcrumb\"},\"inLanguage\":\"fr-FR\",\"potentialAction\":[{\"@type\":\"ReadAction\",\"target\":[\"https:\/\/dentalestetikcenter.com\/dis-hekimi-korkusu\/\"]}]},{\"@type\":\"ImageObject\",\"inLanguage\":\"fr-FR\",\"@id\":\"https:\/\/dentalestetikcenter.com\/dis-hekimi-korkusu\/#primaryimage\",\"url\":\"https:\/\/dentalestetikcenter.com\/wp-content\/uploads\/2024\/09\/dis-hekimi-korkusu-resim.webp\",\"contentUrl\":\"https:\/\/dentalestetikcenter.com\/wp-content\/uploads\/2024\/09\/dis-hekimi-korkusu-resim.webp\",\"width\":1200,\"height\":680},{\"@type\":\"BreadcrumbList\",\"@id\":\"https:\/\/dentalestetikcenter.com\/dis-hekimi-korkusu\/#breadcrumb\",\"itemListElement\":[{\"@type\":\"ListItem\",\"position\":1,\"name\":\"Ana Sayfa\",\"item\":\"https:\/\/dentalestetikcenter.com\/\"},{\"@type\":\"ListItem\",\"position\":2,\"name\":\"Di\u015f Hekimi Korkusu\"}]},{\"@type\":\"WebSite\",\"@id\":\"https:\/\/dentalestetikcenter.com\/#website\",\"url\":\"https:\/\/dentalestetikcenter.com\/\",\"name\":\"Dental Estetik Center\",\"description\":\"D\u00fcnya Bizimle G\u00fcl\u00fcms\u00fcyor\",\"publisher\":{\"@id\":\"https:\/\/dentalestetikcenter.com\/#organization\"},\"potentialAction\":[{\"@type\":\"SearchAction\",\"target\":{\"@type\":\"EntryPoint\",\"urlTemplate\":\"https:\/\/dentalestetikcenter.com\/?s={search_term_string}\"},\"query-input\":\"required name=search_term_string\"}],\"inLanguage\":\"fr-FR\"},{\"@type\":\"Organization\",\"@id\":\"https:\/\/dentalestetikcenter.com\/#organization\",\"name\":\"Dental Estetik Center\",\"url\":\"https:\/\/dentalestetikcenter.com\/\",\"logo\":{\"@type\":\"ImageObject\",\"inLanguage\":\"fr-FR\",\"@id\":\"https:\/\/dentalestetikcenter.com\/#\/schema\/logo\/image\/\",\"url\":\"https:\/\/dentalestetikcenter.com\/wp-content\/uploads\/2025\/01\/cropped-logo-png.png\",\"contentUrl\":\"https:\/\/dentalestetikcenter.com\/wp-content\/uploads\/2025\/01\/cropped-logo-png.png\",\"width\":1584,\"height\":339,\"caption\":\"Dental Estetik Center\"},\"image\":{\"@id\":\"https:\/\/dentalestetikcenter.com\/#\/schema\/logo\/image\/\"}},{\"@type\":\"Person\",\"@id\":\"https:\/\/dentalestetikcenter.com\/#\/schema\/person\/2bc9935f3bbe90e820df8c8f8e6a56bd\",\"name\":\"Dental\",\"image\":{\"@type\":\"ImageObject\",\"inLanguage\":\"fr-FR\",\"@id\":\"https:\/\/dentalestetikcenter.com\/#\/schema\/person\/image\/\",\"url\":\"https:\/\/secure.gravatar.com\/avatar\/d3c30dc58fb94537ef50f6cd89dfe16d?s=96&d=mm&r=g\",\"contentUrl\":\"https:\/\/secure.gravatar.com\/avatar\/d3c30dc58fb94537ef50f6cd89dfe16d?s=96&d=mm&r=g\",\"caption\":\"Dental\"},\"sameAs\":[\"https:\/\/wordpress-1313768-4794498.cloudwaysapps.com\"]}]}<\/script>\n<!-- \/ Yoast SEO plugin. -->","yoast_head_json":{"title":"Di\u015f Hekimi Korkusu - Dental Estetik Center","description":"Di\u015fler ve di\u015f alg\u0131s\u0131 asl\u0131nda ac\u0131 ile ba\u011fda\u015f\u0131r. Nas\u0131l di\u015fler ilk a\u011f\u0131zda s\u00fcrd\u00fc\u011f\u00fcnde keskin yap\u0131s\u0131 ile bebe\u011fin can\u0131n\u0131 ac\u0131tarak a\u011f\u0131za yerle\u015fir ki bu d\u00f6nemde bebek emdi\u011fi i\u00e7in annenin memesini bu yeni kavu\u015ftu\u011fu keskin organ\u0131yla \u0131s\u0131rarak ac\u0131t\u0131r.","robots":{"index":"index","follow":"follow","max-snippet":"max-snippet:-1","max-image-preview":"max-image-preview:large","max-video-preview":"max-video-preview:-1"},"canonical":"https:\/\/dentalestetikcenter.com\/fr\/peur-du-dentiste-2\/","og_locale":"fr_FR","og_type":"article","og_title":"Di\u015f Hekimi Korkusu - Dental Estetik Center","og_description":"Di\u015fler ve di\u015f alg\u0131s\u0131 asl\u0131nda ac\u0131 ile ba\u011fda\u015f\u0131r. Nas\u0131l di\u015fler ilk a\u011f\u0131zda s\u00fcrd\u00fc\u011f\u00fcnde keskin yap\u0131s\u0131 ile bebe\u011fin can\u0131n\u0131 ac\u0131tarak a\u011f\u0131za yerle\u015fir ki bu d\u00f6nemde bebek emdi\u011fi i\u00e7in annenin memesini bu yeni kavu\u015ftu\u011fu keskin organ\u0131yla \u0131s\u0131rarak ac\u0131t\u0131r.","og_url":"https:\/\/dentalestetikcenter.com\/fr\/peur-du-dentiste-2\/","og_site_name":"Dental Estetik Center","article_published_time":"2022-05-05T20:32:37+00:00","article_modified_time":"2024-09-05T21:00:32+00:00","og_image":[{"width":1200,"height":680,"url":"https:\/\/dentalestetikcenter.com\/wp-content\/uploads\/2024\/09\/dis-hekimi-korkusu-resim.webp","type":"image\/webp"}],"author":"Dental","twitter_card":"summary_large_image","twitter_misc":{"Written by":"Dental","Est. reading time":"3 minutes"},"schema":{"@context":"https:\/\/schema.org","@graph":[{"@type":"Article","@id":"https:\/\/dentalestetikcenter.com\/dis-hekimi-korkusu\/#article","isPartOf":{"@id":"https:\/\/dentalestetikcenter.com\/dis-hekimi-korkusu\/"},"author":{"name":"Dental","@id":"https:\/\/dentalestetikcenter.com\/#\/schema\/person\/2bc9935f3bbe90e820df8c8f8e6a56bd"},"headline":"Di\u015f Hekimi Korkusu","datePublished":"2022-05-05T20:32:37+00:00","dateModified":"2024-09-05T21:00:32+00:00","mainEntityOfPage":{"@id":"https:\/\/dentalestetikcenter.com\/dis-hekimi-korkusu\/"},"wordCount":560,"publisher":{"@id":"https:\/\/dentalestetikcenter.com\/#organization"},"image":{"@id":"https:\/\/dentalestetikcenter.com\/dis-hekimi-korkusu\/#primaryimage"},"thumbnailUrl":"https:\/\/dentalestetikcenter.com\/wp-content\/uploads\/2024\/09\/dis-hekimi-korkusu-resim.webp","articleSection":["Haber B\u00fclteni"],"inLanguage":"fr-FR"},{"@type":"WebPage","@id":"https:\/\/dentalestetikcenter.com\/dis-hekimi-korkusu\/","url":"https:\/\/dentalestetikcenter.com\/dis-hekimi-korkusu\/","name":"Di\u015f Hekimi Korkusu - Dental Estetik Center","isPartOf":{"@id":"https:\/\/dentalestetikcenter.com\/#website"},"primaryImageOfPage":{"@id":"https:\/\/dentalestetikcenter.com\/dis-hekimi-korkusu\/#primaryimage"},"image":{"@id":"https:\/\/dentalestetikcenter.com\/dis-hekimi-korkusu\/#primaryimage"},"thumbnailUrl":"https:\/\/dentalestetikcenter.com\/wp-content\/uploads\/2024\/09\/dis-hekimi-korkusu-resim.webp","datePublished":"2022-05-05T20:32:37+00:00","dateModified":"2024-09-05T21:00:32+00:00","description":"Di\u015fler ve di\u015f alg\u0131s\u0131 asl\u0131nda ac\u0131 ile ba\u011fda\u015f\u0131r. Nas\u0131l di\u015fler ilk a\u011f\u0131zda s\u00fcrd\u00fc\u011f\u00fcnde keskin yap\u0131s\u0131 ile bebe\u011fin can\u0131n\u0131 ac\u0131tarak a\u011f\u0131za yerle\u015fir ki bu d\u00f6nemde bebek emdi\u011fi i\u00e7in annenin memesini bu yeni kavu\u015ftu\u011fu keskin organ\u0131yla \u0131s\u0131rarak ac\u0131t\u0131r.","breadcrumb":{"@id":"https:\/\/dentalestetikcenter.com\/dis-hekimi-korkusu\/#breadcrumb"},"inLanguage":"fr-FR","potentialAction":[{"@type":"ReadAction","target":["https:\/\/dentalestetikcenter.com\/dis-hekimi-korkusu\/"]}]},{"@type":"ImageObject","inLanguage":"fr-FR","@id":"https:\/\/dentalestetikcenter.com\/dis-hekimi-korkusu\/#primaryimage","url":"https:\/\/dentalestetikcenter.com\/wp-content\/uploads\/2024\/09\/dis-hekimi-korkusu-resim.webp","contentUrl":"https:\/\/dentalestetikcenter.com\/wp-content\/uploads\/2024\/09\/dis-hekimi-korkusu-resim.webp","width":1200,"height":680},{"@type":"BreadcrumbList","@id":"https:\/\/dentalestetikcenter.com\/dis-hekimi-korkusu\/#breadcrumb","itemListElement":[{"@type":"ListItem","position":1,"name":"Ana Sayfa","item":"https:\/\/dentalestetikcenter.com\/"},{"@type":"ListItem","position":2,"name":"Di\u015f Hekimi Korkusu"}]},{"@type":"WebSite","@id":"https:\/\/dentalestetikcenter.com\/#website","url":"https:\/\/dentalestetikcenter.com\/","name":"Dental Estetik Center","description":"D\u00fcnya Bizimle G\u00fcl\u00fcms\u00fcyor","publisher":{"@id":"https:\/\/dentalestetikcenter.com\/#organization"},"potentialAction":[{"@type":"SearchAction","target":{"@type":"EntryPoint","urlTemplate":"https:\/\/dentalestetikcenter.com\/?s={search_term_string}"},"query-input":"required name=search_term_string"}],"inLanguage":"fr-FR"},{"@type":"Organization","@id":"https:\/\/dentalestetikcenter.com\/#organization","name":"Dental Estetik Center","url":"https:\/\/dentalestetikcenter.com\/","logo":{"@type":"ImageObject","inLanguage":"fr-FR","@id":"https:\/\/dentalestetikcenter.com\/#\/schema\/logo\/image\/","url":"https:\/\/dentalestetikcenter.com\/wp-content\/uploads\/2025\/01\/cropped-logo-png.png","contentUrl":"https:\/\/dentalestetikcenter.com\/wp-content\/uploads\/2025\/01\/cropped-logo-png.png","width":1584,"height":339,"caption":"Dental Estetik Center"},"image":{"@id":"https:\/\/dentalestetikcenter.com\/#\/schema\/logo\/image\/"}},{"@type":"Person","@id":"https:\/\/dentalestetikcenter.com\/#\/schema\/person\/2bc9935f3bbe90e820df8c8f8e6a56bd","name":"Dental","image":{"@type":"ImageObject","inLanguage":"fr-FR","@id":"https:\/\/dentalestetikcenter.com\/#\/schema\/person\/image\/","url":"https:\/\/secure.gravatar.com\/avatar\/d3c30dc58fb94537ef50f6cd89dfe16d?s=96&d=mm&r=g","contentUrl":"https:\/\/secure.gravatar.com\/avatar\/d3c30dc58fb94537ef50f6cd89dfe16d?s=96&d=mm&r=g","caption":"Dental"},"sameAs":["https:\/\/wordpress-1313768-4794498.cloudwaysapps.com"]}]}},"_links":{"self":[{"href":"https:\/\/dentalestetikcenter.com\/fr\/wp-json\/wp\/v2\/posts\/4710"}],"collection":[{"href":"https:\/\/dentalestetikcenter.com\/fr\/wp-json\/wp\/v2\/posts"}],"about":[{"href":"https:\/\/dentalestetikcenter.com\/fr\/wp-json\/wp\/v2\/types\/post"}],"author":[{"embeddable":true,"href":"https:\/\/dentalestetikcenter.com\/fr\/wp-json\/wp\/v2\/users\/1"}],"replies":[{"embeddable":true,"href":"https:\/\/dentalestetikcenter.com\/fr\/wp-json\/wp\/v2\/comments?post=4710"}],"version-history":[{"count":7,"href":"https:\/\/dentalestetikcenter.com\/fr\/wp-json\/wp\/v2\/posts\/4710\/revisions"}],"predecessor-version":[{"id":5390,"href":"https:\/\/dentalestetikcenter.com\/fr\/wp-json\/wp\/v2\/posts\/4710\/revisions\/5390"}],"wp:featuredmedia":[{"embeddable":true,"href":"https:\/\/dentalestetikcenter.com\/fr\/wp-json\/wp\/v2\/media\/4711"}],"wp:attachment":[{"href":"https:\/\/dentalestetikcenter.com\/fr\/wp-json\/wp\/v2\/media?parent=4710"}],"wp:term":[{"taxonomy":"category","embeddable":true,"href":"https:\/\/dentalestetikcenter.com\/fr\/wp-json\/wp\/v2\/categories?post=4710"},{"taxonomy":"post_tag","embeddable":true,"href":"https:\/\/dentalestetikcenter.com\/fr\/wp-json\/wp\/v2\/tags?post=4710"}],"curies":[{"name":"wp","href":"https:\/\/api.w.org\/{rel}","templated":true}]}}