{"id":5243,"date":"2024-09-02T20:18:38","date_gmt":"2024-09-02T20:18:38","guid":{"rendered":"https:\/\/dentalestetikcenter.com\/?p=5243"},"modified":"2024-10-01T02:24:15","modified_gmt":"2024-10-01T02:24:15","slug":"dis-tedavisi-sonrasinda-aft-cikar-mi","status":"publish","type":"post","link":"https:\/\/dentalestetikcenter.com\/fr\/des-aphtes-surviendront-ils-apres-un-traitement-dentaire\/","title":{"rendered":"Des aphtes surviendront-ils apr\u00e8s un traitement dentaire ?"},"content":{"rendered":"<div data-elementor-type=\"wp-post\" data-elementor-id=\"5243\" class=\"elementor elementor-5243\" data-elementor-post-type=\"post\">\n\t\t\t\t<div class=\"elementor-element elementor-element-c972a52 e-flex e-con-boxed e-con e-parent\" data-id=\"c972a52\" data-element_type=\"container\" data-settings=\"{&quot;_ha_eqh_enable&quot;:false}\" data-core-v316-plus=\"true\">\n\t\t\t\t\t<div class=\"e-con-inner\">\n\t\t\t\t<div class=\"elementor-element elementor-element-6a037c3 elementor-widget elementor-widget-text-editor\" data-id=\"6a037c3\" data-element_type=\"widget\" data-widget_type=\"text-editor.default\">\n\t\t\t\t<div class=\"elementor-widget-container\">\n\t\t\t<style>\/*! elementor - v3.20.0 - 26-03-2024 *\/\n.elementor-widget-text-editor.elementor-drop-cap-view-stacked .elementor-drop-cap{background-color:#69727d;color:#fff}.elementor-widget-text-editor.elementor-drop-cap-view-framed .elementor-drop-cap{color:#69727d;border:3px solid;background-color:transparent}.elementor-widget-text-editor:not(.elementor-drop-cap-view-default) .elementor-drop-cap{margin-top:8px}.elementor-widget-text-editor:not(.elementor-drop-cap-view-default) .elementor-drop-cap-letter{width:1em;height:1em}.elementor-widget-text-editor .elementor-drop-cap{float:left;text-align:center;line-height:1;font-size:50px}.elementor-widget-text-editor .elementor-drop-cap-letter{display:inline-block}<\/style>\t\t\t\t<div class=\"w-post-elm post_content\"><div class=\"w-post-elm post_content\"><div class=\"w-post-elm post_content\"><div class=\"w-post-elm post_content\"><p>Apr\u00e8s un traitement dentaire, certaines personnes peuvent ressentir la formation d\u2019aphtes dans la bouche.<a href=\"https:\/\/dentalestetikcenter.com\/fr\/la-solution-naturelle-aux-aphtes-la-propolis\/\">\u00a0Aftlar<\/a>, genellikle a\u011f\u0131z i\u00e7indeki bir tahri\u015f sonucunda veya ba\u011f\u0131\u015f\u0131kl\u0131k sistemi tepkisine ba\u011fl\u0131 olarak ortaya \u00e7\u0131karlar. A\u011fr\u0131l\u0131 olabilirler ve genellikle bir hafta i\u00e7inde kendili\u011finden iyile\u015firler.<\/p><h2><span id=\"Aft_Nedir\">Qu\u2019est-ce que les aphtes ?<\/span><\/h2><div class=\"lwptoc lwptoc-autoWidth lwptoc-baseItems lwptoc-inherit\" data-smooth-scroll=\"1\" data-smooth-scroll-offset=\"24\" data-lwptoc-initialized=\"1\"><div class=\"lwptoc_i\"><div class=\"lwptoc_items lwptoc_items-visible\"><div class=\"lwptoc_itemWrap\"><div class=\"lwptoc_item\">Les aphtes sont de petites plaies blanches ou jaunes qui se forment dans les tissus buccaux. Les aphtes, qui apparaissent g\u00e9n\u00e9ralement de forme ronde ou ovale, peuvent appara\u00eetre dans des zones telles que la langue, l'int\u00e9rieur des l\u00e8vres et l'int\u00e9rieur des joues. Cela peut \u00eatre douloureux et sensible au toucher.<\/div><\/div><\/div><\/div><\/div><h2><span id=\"Dis_Tedavisi_Sonrasi_Aft_Neden_Olusur\">Pourquoi l'aphte survient-elle apr\u00e8s un traitement dentaire ?<\/span><\/h2><p>La formation d\u2019aphtes peut d\u00e9pendre de nombreux facteurs personnels et environnementaux.<\/p><h3><span id=\"Bagisiklik_Yaniti\">R\u00e9ponse immunitaire<\/span><\/h3><p>Les traitements dentaires peuvent provoquer une r\u00e9ponse du syst\u00e8me immunitaire du corps. Ces r\u00e9actions peuvent entra\u00eener la formation d'aphtes. De plus, les outils et mat\u00e9riaux utilis\u00e9s lors des traitements peuvent provoquer des traumatismes mineurs. En cons\u00e9quence, de l\u00e9g\u00e8res l\u00e9sions de la muqueuse peuvent pr\u00e9disposer \u00e0 la formation d\u2019aphtes. Pendant ou apr\u00e8s le traitement, le syst\u00e8me immunitaire est activ\u00e9 et cette situation ind\u00e9sirable peut survenir.<\/p><h3><span id=\"Stres\">Stresser<\/span><\/h3><p>Le stress, la maladie de notre \u00e9poque, est une condition in\u00e9vitable qui affecte la majorit\u00e9 de la soci\u00e9t\u00e9, affaiblissant le syst\u00e8me immunitaire de l'organisme et prouv\u00e9 par des \u00e9tudes comme \u00e9tant le pr\u00e9curseur de nombreuses conditions m\u00e9dicales. Les traitements dentaires peuvent \u00e9galement \u00eatre une source de stress pour les personnes. Le stress et l\u2019anxi\u00e9t\u00e9 ressentis avant ou pendant un traitement dentaire peuvent contribuer \u00e0 la formation d\u2019aphtes en affaiblissant le syst\u00e8me immunitaire et en affectant les tissus muqueux. L\u2019application de techniques relaxantes avant et apr\u00e8s le traitement peut r\u00e9duire cette condition.<\/p><h3><span id=\"Beslenme\">Nutrition<\/span><\/h3><p>Les habitudes alimentaires peuvent \u00e9galement augmenter la susceptibilit\u00e9 d'une personne \u00e0 la formation d'aphtes. La consommation d\u2019aliments acides ou \u00e9pic\u00e9s, notamment, peut provoquer des irritations et des blessures au niveau de la bouche et d\u00e9clencher la formation d\u2019ulc\u00e8res aphteux. Les zones l\u00e9g\u00e8rement endommag\u00e9es qui peuvent appara\u00eetre dans la muqueuse buccale lors de traitements dentaires peuvent \u00eatre davantage affect\u00e9es par les effets de ces aliments et boissons et se transformer en aphtes. Il peut \u00eatre b\u00e9n\u00e9fique d\u2019\u00e9viter ou de r\u00e9duire la consommation de ces aliments, en particulier pendant la p\u00e9riode post-traitement. De plus, une carence en certaines vitamines et min\u00e9raux peut provoquer la formation r\u00e9currente d\u2019aphtes dans le corps. Si une personne souffre fr\u00e9quemment d\u2019ulc\u00e8res aphteux, ces carences doivent \u00eatre \u00e9tudi\u00e9es et corrig\u00e9es.<\/p><h3><span id=\"Ilac_Kullanimi\">Consommation de drogues<\/span><\/h3><p>Dans certains cas, des traitements m\u00e9dicamenteux pourront \u00e9galement \u00eatre privil\u00e9gi\u00e9s apr\u00e8s un traitement dentaire. Certains m\u00e9dicaments utilis\u00e9s peuvent affecter la formation d\u2019aphtes. Les analg\u00e9siques ou les antibiotiques peuvent provoquer une sensibilit\u00e9 buccale et ouvrir la voie \u00e0 la formation d\u2019aphtes. Si une telle plainte se d\u00e9veloppe pendant l'utilisation de ces m\u00e9dicaments, vous devez contacter votre dentiste.<\/p><p>Ind\u00e9pendamment de tous ces facteurs, une bonne hygi\u00e8ne bucco-dentaire aide \u00e0 \u00e9liminer les bact\u00e9ries nocives pr\u00e9sentes dans l\u2019environnement buccal avant et apr\u00e8s un traitement dentaire et contribue \u00e0 ce que la muqueuse buccale cr\u00e9e une solide barri\u00e8re de d\u00e9fense. La r\u00e9ponse corporelle de chaque individu est diff\u00e9rente et la formation d'aphtes peut varier d'une personne \u00e0 l'autre. Par cons\u00e9quent, si vous d\u00e9veloppez un ulc\u00e8re aphteux dans la bouche apr\u00e8s un traitement dentaire, il est important de partager cette situation avec votre dentiste et d'\u00e9valuer les m\u00e9thodes de traitement appropri\u00e9es.<\/p><\/div><\/div><\/div><\/div>\t\t\t\t\t\t<\/div>\n\t\t\t\t<\/div>\n\t\t\t\t\t<\/div>\n\t\t\t\t<\/div>\n\t\t\t\t<\/div>","protected":false},"excerpt":{"rendered":"<p>Di\u015f tedavisi sonras\u0131nda baz\u0131 ki\u015filerde a\u011f\u0131zda aft olu\u015fumu g\u00f6zlenebilmektedir.\u00a0Aftlar, genellikle a\u011f\u0131z i\u00e7indeki bir tahri\u015f sonucunda veya ba\u011f\u0131\u015f\u0131kl\u0131k sistemi tepkisine ba\u011fl\u0131 olarak ortaya \u00e7\u0131karlar. A\u011fr\u0131l\u0131 olabilirler ve genellikle bir hafta i\u00e7inde kendili\u011finden iyile\u015firler. Aft Nedir? Aft, a\u011f\u0131z dokular\u0131nda olu\u015fan k\u00fc\u00e7\u00fck, beyaz veya sar\u0131 renkli yaralard\u0131r. Genellikle yuvarlak veya oval \u015fekilde g\u00f6r\u00fcnen aftlar, dil, dudak i\u00e7i, yanak [&hellip;]<\/p>","protected":false},"author":1,"featured_media":6275,"comment_status":"closed","ping_status":"open","sticky":false,"template":"","format":"standard","meta":{"content-type":"","footnotes":""},"categories":[21],"tags":[],"class_list":["post-5243","post","type-post","status-publish","format-standard","has-post-thumbnail","hentry","category-haber-bulteni"],"yoast_head":"<!-- This site is optimized with the Yoast SEO plugin v23.3 - https:\/\/yoast.com\/wordpress\/plugins\/seo\/ -->\n<title>Di\u015f Tedavisi Sonras\u0131nda Aft \u00c7\u0131kar M\u0131? - Dental Estetik Center<\/title>\n<meta name=\"description\" content=\"Di\u015f tedavisi sonras\u0131nda baz\u0131 ki\u015filerde a\u011f\u0131zda aft olu\u015fumu g\u00f6zlenebilmektedir. Aftlar, genellikle a\u011f\u0131z i\u00e7indeki bir tahri\u015f sonucunda veya ba\u011f\u0131\u015f\u0131kl\u0131k sistemi tepkisine ba\u011fl\u0131 olarak ortaya \u00e7\u0131karlar.\" \/>\n<meta name=\"robots\" content=\"index, follow, max-snippet:-1, max-image-preview:large, max-video-preview:-1\" \/>\n<link rel=\"canonical\" href=\"https:\/\/dentalestetikcenter.com\/fr\/des-aphtes-surviendront-ils-apres-un-traitement-dentaire\/\" \/>\n<meta property=\"og:locale\" content=\"fr_FR\" \/>\n<meta property=\"og:type\" content=\"article\" \/>\n<meta property=\"og:title\" content=\"Di\u015f Tedavisi Sonras\u0131nda Aft \u00c7\u0131kar M\u0131? - Dental Estetik Center\" \/>\n<meta property=\"og:description\" content=\"Di\u015f tedavisi sonras\u0131nda baz\u0131 ki\u015filerde a\u011f\u0131zda aft olu\u015fumu g\u00f6zlenebilmektedir. Aftlar, genellikle a\u011f\u0131z i\u00e7indeki bir tahri\u015f sonucunda veya ba\u011f\u0131\u015f\u0131kl\u0131k sistemi tepkisine ba\u011fl\u0131 olarak ortaya \u00e7\u0131karlar.\" \/>\n<meta property=\"og:url\" content=\"https:\/\/dentalestetikcenter.com\/fr\/des-aphtes-surviendront-ils-apres-un-traitement-dentaire\/\" \/>\n<meta property=\"og:site_name\" content=\"Dental Estetik Center\" \/>\n<meta property=\"article:published_time\" content=\"2024-09-02T20:18:38+00:00\" \/>\n<meta property=\"article:modified_time\" content=\"2024-10-01T02:24:15+00:00\" \/>\n<meta property=\"og:image\" content=\"https:\/\/dentalestetikcenter.com\/wp-content\/uploads\/2024\/09\/Dental-Estetik-Center-AFT.webp\" \/>\n\t<meta property=\"og:image:width\" content=\"1000\" \/>\n\t<meta property=\"og:image:height\" content=\"755\" \/>\n\t<meta property=\"og:image:type\" content=\"image\/webp\" \/>\n<meta name=\"author\" content=\"Dental\" \/>\n<meta name=\"twitter:card\" content=\"summary_large_image\" \/>\n<meta name=\"twitter:label1\" content=\"Written by\" \/>\n\t<meta name=\"twitter:data1\" content=\"Dental\" \/>\n\t<meta name=\"twitter:label2\" content=\"Est. reading time\" \/>\n\t<meta name=\"twitter:data2\" content=\"3 minutes\" \/>\n<script type=\"application\/ld+json\" class=\"yoast-schema-graph\">{\"@context\":\"https:\/\/schema.org\",\"@graph\":[{\"@type\":\"Article\",\"@id\":\"https:\/\/dentalestetikcenter.com\/dis-tedavisi-sonrasinda-aft-cikar-mi\/#article\",\"isPartOf\":{\"@id\":\"https:\/\/dentalestetikcenter.com\/dis-tedavisi-sonrasinda-aft-cikar-mi\/\"},\"author\":{\"name\":\"Dental\",\"@id\":\"https:\/\/dentalestetikcenter.com\/#\/schema\/person\/2bc9935f3bbe90e820df8c8f8e6a56bd\"},\"headline\":\"Di\u015f Tedavisi Sonras\u0131nda Aft \u00c7\u0131kar M\u0131?\",\"datePublished\":\"2024-09-02T20:18:38+00:00\",\"dateModified\":\"2024-10-01T02:24:15+00:00\",\"mainEntityOfPage\":{\"@id\":\"https:\/\/dentalestetikcenter.com\/dis-tedavisi-sonrasinda-aft-cikar-mi\/\"},\"wordCount\":571,\"publisher\":{\"@id\":\"https:\/\/dentalestetikcenter.com\/#organization\"},\"image\":{\"@id\":\"https:\/\/dentalestetikcenter.com\/dis-tedavisi-sonrasinda-aft-cikar-mi\/#primaryimage\"},\"thumbnailUrl\":\"https:\/\/dentalestetikcenter.com\/wp-content\/uploads\/2024\/09\/Dental-Estetik-Center-AFT.webp\",\"articleSection\":[\"Haber B\u00fclteni\"],\"inLanguage\":\"fr-FR\"},{\"@type\":\"WebPage\",\"@id\":\"https:\/\/dentalestetikcenter.com\/dis-tedavisi-sonrasinda-aft-cikar-mi\/\",\"url\":\"https:\/\/dentalestetikcenter.com\/dis-tedavisi-sonrasinda-aft-cikar-mi\/\",\"name\":\"Di\u015f Tedavisi Sonras\u0131nda Aft \u00c7\u0131kar M\u0131? - Dental Estetik Center\",\"isPartOf\":{\"@id\":\"https:\/\/dentalestetikcenter.com\/#website\"},\"primaryImageOfPage\":{\"@id\":\"https:\/\/dentalestetikcenter.com\/dis-tedavisi-sonrasinda-aft-cikar-mi\/#primaryimage\"},\"image\":{\"@id\":\"https:\/\/dentalestetikcenter.com\/dis-tedavisi-sonrasinda-aft-cikar-mi\/#primaryimage\"},\"thumbnailUrl\":\"https:\/\/dentalestetikcenter.com\/wp-content\/uploads\/2024\/09\/Dental-Estetik-Center-AFT.webp\",\"datePublished\":\"2024-09-02T20:18:38+00:00\",\"dateModified\":\"2024-10-01T02:24:15+00:00\",\"description\":\"Di\u015f tedavisi sonras\u0131nda baz\u0131 ki\u015filerde a\u011f\u0131zda aft olu\u015fumu g\u00f6zlenebilmektedir. Aftlar, genellikle a\u011f\u0131z i\u00e7indeki bir tahri\u015f sonucunda veya ba\u011f\u0131\u015f\u0131kl\u0131k sistemi tepkisine ba\u011fl\u0131 olarak ortaya \u00e7\u0131karlar.\",\"breadcrumb\":{\"@id\":\"https:\/\/dentalestetikcenter.com\/dis-tedavisi-sonrasinda-aft-cikar-mi\/#breadcrumb\"},\"inLanguage\":\"fr-FR\",\"potentialAction\":[{\"@type\":\"ReadAction\",\"target\":[\"https:\/\/dentalestetikcenter.com\/dis-tedavisi-sonrasinda-aft-cikar-mi\/\"]}]},{\"@type\":\"ImageObject\",\"inLanguage\":\"fr-FR\",\"@id\":\"https:\/\/dentalestetikcenter.com\/dis-tedavisi-sonrasinda-aft-cikar-mi\/#primaryimage\",\"url\":\"https:\/\/dentalestetikcenter.com\/wp-content\/uploads\/2024\/09\/Dental-Estetik-Center-AFT.webp\",\"contentUrl\":\"https:\/\/dentalestetikcenter.com\/wp-content\/uploads\/2024\/09\/Dental-Estetik-Center-AFT.webp\",\"width\":1000,\"height\":755,\"caption\":\"Dental Estetik Center AFT\"},{\"@type\":\"BreadcrumbList\",\"@id\":\"https:\/\/dentalestetikcenter.com\/dis-tedavisi-sonrasinda-aft-cikar-mi\/#breadcrumb\",\"itemListElement\":[{\"@type\":\"ListItem\",\"position\":1,\"name\":\"Ana Sayfa\",\"item\":\"https:\/\/dentalestetikcenter.com\/\"},{\"@type\":\"ListItem\",\"position\":2,\"name\":\"Di\u015f Tedavisi Sonras\u0131nda Aft \u00c7\u0131kar M\u0131?\"}]},{\"@type\":\"WebSite\",\"@id\":\"https:\/\/dentalestetikcenter.com\/#website\",\"url\":\"https:\/\/dentalestetikcenter.com\/\",\"name\":\"Dental Estetik Center\",\"description\":\"D\u00fcnya Bizimle G\u00fcl\u00fcms\u00fcyor\",\"publisher\":{\"@id\":\"https:\/\/dentalestetikcenter.com\/#organization\"},\"potentialAction\":[{\"@type\":\"SearchAction\",\"target\":{\"@type\":\"EntryPoint\",\"urlTemplate\":\"https:\/\/dentalestetikcenter.com\/?s={search_term_string}\"},\"query-input\":\"required name=search_term_string\"}],\"inLanguage\":\"fr-FR\"},{\"@type\":\"Organization\",\"@id\":\"https:\/\/dentalestetikcenter.com\/#organization\",\"name\":\"Dental Estetik Center\",\"url\":\"https:\/\/dentalestetikcenter.com\/\",\"logo\":{\"@type\":\"ImageObject\",\"inLanguage\":\"fr-FR\",\"@id\":\"https:\/\/dentalestetikcenter.com\/#\/schema\/logo\/image\/\",\"url\":\"https:\/\/dentalestetikcenter.com\/wp-content\/uploads\/2025\/01\/cropped-logo-png.png\",\"contentUrl\":\"https:\/\/dentalestetikcenter.com\/wp-content\/uploads\/2025\/01\/cropped-logo-png.png\",\"width\":1584,\"height\":339,\"caption\":\"Dental Estetik Center\"},\"image\":{\"@id\":\"https:\/\/dentalestetikcenter.com\/#\/schema\/logo\/image\/\"}},{\"@type\":\"Person\",\"@id\":\"https:\/\/dentalestetikcenter.com\/#\/schema\/person\/2bc9935f3bbe90e820df8c8f8e6a56bd\",\"name\":\"Dental\",\"image\":{\"@type\":\"ImageObject\",\"inLanguage\":\"fr-FR\",\"@id\":\"https:\/\/dentalestetikcenter.com\/#\/schema\/person\/image\/\",\"url\":\"https:\/\/secure.gravatar.com\/avatar\/d3c30dc58fb94537ef50f6cd89dfe16d?s=96&d=mm&r=g\",\"contentUrl\":\"https:\/\/secure.gravatar.com\/avatar\/d3c30dc58fb94537ef50f6cd89dfe16d?s=96&d=mm&r=g\",\"caption\":\"Dental\"},\"sameAs\":[\"https:\/\/wordpress-1313768-4794498.cloudwaysapps.com\"]}]}<\/script>\n<!-- \/ Yoast SEO plugin. -->","yoast_head_json":{"title":"Di\u015f Tedavisi Sonras\u0131nda Aft \u00c7\u0131kar M\u0131? - Dental Estetik Center","description":"Di\u015f tedavisi sonras\u0131nda baz\u0131 ki\u015filerde a\u011f\u0131zda aft olu\u015fumu g\u00f6zlenebilmektedir. Aftlar, genellikle a\u011f\u0131z i\u00e7indeki bir tahri\u015f sonucunda veya ba\u011f\u0131\u015f\u0131kl\u0131k sistemi tepkisine ba\u011fl\u0131 olarak ortaya \u00e7\u0131karlar.","robots":{"index":"index","follow":"follow","max-snippet":"max-snippet:-1","max-image-preview":"max-image-preview:large","max-video-preview":"max-video-preview:-1"},"canonical":"https:\/\/dentalestetikcenter.com\/fr\/des-aphtes-surviendront-ils-apres-un-traitement-dentaire\/","og_locale":"fr_FR","og_type":"article","og_title":"Di\u015f Tedavisi Sonras\u0131nda Aft \u00c7\u0131kar M\u0131? - Dental Estetik Center","og_description":"Di\u015f tedavisi sonras\u0131nda baz\u0131 ki\u015filerde a\u011f\u0131zda aft olu\u015fumu g\u00f6zlenebilmektedir. Aftlar, genellikle a\u011f\u0131z i\u00e7indeki bir tahri\u015f sonucunda veya ba\u011f\u0131\u015f\u0131kl\u0131k sistemi tepkisine ba\u011fl\u0131 olarak ortaya \u00e7\u0131karlar.","og_url":"https:\/\/dentalestetikcenter.com\/fr\/des-aphtes-surviendront-ils-apres-un-traitement-dentaire\/","og_site_name":"Dental Estetik Center","article_published_time":"2024-09-02T20:18:38+00:00","article_modified_time":"2024-10-01T02:24:15+00:00","og_image":[{"width":1000,"height":755,"url":"https:\/\/dentalestetikcenter.com\/wp-content\/uploads\/2024\/09\/Dental-Estetik-Center-AFT.webp","type":"image\/webp"}],"author":"Dental","twitter_card":"summary_large_image","twitter_misc":{"Written by":"Dental","Est. reading time":"3 minutes"},"schema":{"@context":"https:\/\/schema.org","@graph":[{"@type":"Article","@id":"https:\/\/dentalestetikcenter.com\/dis-tedavisi-sonrasinda-aft-cikar-mi\/#article","isPartOf":{"@id":"https:\/\/dentalestetikcenter.com\/dis-tedavisi-sonrasinda-aft-cikar-mi\/"},"author":{"name":"Dental","@id":"https:\/\/dentalestetikcenter.com\/#\/schema\/person\/2bc9935f3bbe90e820df8c8f8e6a56bd"},"headline":"Di\u015f Tedavisi Sonras\u0131nda Aft \u00c7\u0131kar M\u0131?","datePublished":"2024-09-02T20:18:38+00:00","dateModified":"2024-10-01T02:24:15+00:00","mainEntityOfPage":{"@id":"https:\/\/dentalestetikcenter.com\/dis-tedavisi-sonrasinda-aft-cikar-mi\/"},"wordCount":571,"publisher":{"@id":"https:\/\/dentalestetikcenter.com\/#organization"},"image":{"@id":"https:\/\/dentalestetikcenter.com\/dis-tedavisi-sonrasinda-aft-cikar-mi\/#primaryimage"},"thumbnailUrl":"https:\/\/dentalestetikcenter.com\/wp-content\/uploads\/2024\/09\/Dental-Estetik-Center-AFT.webp","articleSection":["Haber B\u00fclteni"],"inLanguage":"fr-FR"},{"@type":"WebPage","@id":"https:\/\/dentalestetikcenter.com\/dis-tedavisi-sonrasinda-aft-cikar-mi\/","url":"https:\/\/dentalestetikcenter.com\/dis-tedavisi-sonrasinda-aft-cikar-mi\/","name":"Di\u015f Tedavisi Sonras\u0131nda Aft \u00c7\u0131kar M\u0131? - Dental Estetik Center","isPartOf":{"@id":"https:\/\/dentalestetikcenter.com\/#website"},"primaryImageOfPage":{"@id":"https:\/\/dentalestetikcenter.com\/dis-tedavisi-sonrasinda-aft-cikar-mi\/#primaryimage"},"image":{"@id":"https:\/\/dentalestetikcenter.com\/dis-tedavisi-sonrasinda-aft-cikar-mi\/#primaryimage"},"thumbnailUrl":"https:\/\/dentalestetikcenter.com\/wp-content\/uploads\/2024\/09\/Dental-Estetik-Center-AFT.webp","datePublished":"2024-09-02T20:18:38+00:00","dateModified":"2024-10-01T02:24:15+00:00","description":"Di\u015f tedavisi sonras\u0131nda baz\u0131 ki\u015filerde a\u011f\u0131zda aft olu\u015fumu g\u00f6zlenebilmektedir. Aftlar, genellikle a\u011f\u0131z i\u00e7indeki bir tahri\u015f sonucunda veya ba\u011f\u0131\u015f\u0131kl\u0131k sistemi tepkisine ba\u011fl\u0131 olarak ortaya \u00e7\u0131karlar.","breadcrumb":{"@id":"https:\/\/dentalestetikcenter.com\/dis-tedavisi-sonrasinda-aft-cikar-mi\/#breadcrumb"},"inLanguage":"fr-FR","potentialAction":[{"@type":"ReadAction","target":["https:\/\/dentalestetikcenter.com\/dis-tedavisi-sonrasinda-aft-cikar-mi\/"]}]},{"@type":"ImageObject","inLanguage":"fr-FR","@id":"https:\/\/dentalestetikcenter.com\/dis-tedavisi-sonrasinda-aft-cikar-mi\/#primaryimage","url":"https:\/\/dentalestetikcenter.com\/wp-content\/uploads\/2024\/09\/Dental-Estetik-Center-AFT.webp","contentUrl":"https:\/\/dentalestetikcenter.com\/wp-content\/uploads\/2024\/09\/Dental-Estetik-Center-AFT.webp","width":1000,"height":755,"caption":"Dental Estetik Center AFT"},{"@type":"BreadcrumbList","@id":"https:\/\/dentalestetikcenter.com\/dis-tedavisi-sonrasinda-aft-cikar-mi\/#breadcrumb","itemListElement":[{"@type":"ListItem","position":1,"name":"Ana Sayfa","item":"https:\/\/dentalestetikcenter.com\/"},{"@type":"ListItem","position":2,"name":"Di\u015f Tedavisi Sonras\u0131nda Aft \u00c7\u0131kar M\u0131?"}]},{"@type":"WebSite","@id":"https:\/\/dentalestetikcenter.com\/#website","url":"https:\/\/dentalestetikcenter.com\/","name":"Dental Estetik Center","description":"D\u00fcnya Bizimle G\u00fcl\u00fcms\u00fcyor","publisher":{"@id":"https:\/\/dentalestetikcenter.com\/#organization"},"potentialAction":[{"@type":"SearchAction","target":{"@type":"EntryPoint","urlTemplate":"https:\/\/dentalestetikcenter.com\/?s={search_term_string}"},"query-input":"required name=search_term_string"}],"inLanguage":"fr-FR"},{"@type":"Organization","@id":"https:\/\/dentalestetikcenter.com\/#organization","name":"Dental Estetik Center","url":"https:\/\/dentalestetikcenter.com\/","logo":{"@type":"ImageObject","inLanguage":"fr-FR","@id":"https:\/\/dentalestetikcenter.com\/#\/schema\/logo\/image\/","url":"https:\/\/dentalestetikcenter.com\/wp-content\/uploads\/2025\/01\/cropped-logo-png.png","contentUrl":"https:\/\/dentalestetikcenter.com\/wp-content\/uploads\/2025\/01\/cropped-logo-png.png","width":1584,"height":339,"caption":"Dental Estetik Center"},"image":{"@id":"https:\/\/dentalestetikcenter.com\/#\/schema\/logo\/image\/"}},{"@type":"Person","@id":"https:\/\/dentalestetikcenter.com\/#\/schema\/person\/2bc9935f3bbe90e820df8c8f8e6a56bd","name":"Dental","image":{"@type":"ImageObject","inLanguage":"fr-FR","@id":"https:\/\/dentalestetikcenter.com\/#\/schema\/person\/image\/","url":"https:\/\/secure.gravatar.com\/avatar\/d3c30dc58fb94537ef50f6cd89dfe16d?s=96&d=mm&r=g","contentUrl":"https:\/\/secure.gravatar.com\/avatar\/d3c30dc58fb94537ef50f6cd89dfe16d?s=96&d=mm&r=g","caption":"Dental"},"sameAs":["https:\/\/wordpress-1313768-4794498.cloudwaysapps.com"]}]}},"_links":{"self":[{"href":"https:\/\/dentalestetikcenter.com\/fr\/wp-json\/wp\/v2\/posts\/5243"}],"collection":[{"href":"https:\/\/dentalestetikcenter.com\/fr\/wp-json\/wp\/v2\/posts"}],"about":[{"href":"https:\/\/dentalestetikcenter.com\/fr\/wp-json\/wp\/v2\/types\/post"}],"author":[{"embeddable":true,"href":"https:\/\/dentalestetikcenter.com\/fr\/wp-json\/wp\/v2\/users\/1"}],"replies":[{"embeddable":true,"href":"https:\/\/dentalestetikcenter.com\/fr\/wp-json\/wp\/v2\/comments?post=5243"}],"version-history":[{"count":4,"href":"https:\/\/dentalestetikcenter.com\/fr\/wp-json\/wp\/v2\/posts\/5243\/revisions"}],"predecessor-version":[{"id":5248,"href":"https:\/\/dentalestetikcenter.com\/fr\/wp-json\/wp\/v2\/posts\/5243\/revisions\/5248"}],"wp:featuredmedia":[{"embeddable":true,"href":"https:\/\/dentalestetikcenter.com\/fr\/wp-json\/wp\/v2\/media\/6275"}],"wp:attachment":[{"href":"https:\/\/dentalestetikcenter.com\/fr\/wp-json\/wp\/v2\/media?parent=5243"}],"wp:term":[{"taxonomy":"category","embeddable":true,"href":"https:\/\/dentalestetikcenter.com\/fr\/wp-json\/wp\/v2\/categories?post=5243"},{"taxonomy":"post_tag","embeddable":true,"href":"https:\/\/dentalestetikcenter.com\/fr\/wp-json\/wp\/v2\/tags?post=5243"}],"curies":[{"name":"wp","href":"https:\/\/api.w.org\/{rel}","templated":true}]}}