{"id":9304,"date":"2026-04-27T11:55:30","date_gmt":"2026-04-27T11:55:30","guid":{"rendered":"https:\/\/dentalestetikcenter.com\/?p=9304"},"modified":"2026-04-28T11:57:57","modified_gmt":"2026-04-28T11:57:57","slug":"vakumlu-seffaf-damak-protezi-vs-esnek-parsiyel-protez-hangisi-sizin-icin-daha-uygun","status":"publish","type":"post","link":"https:\/\/dentalestetikcenter.com\/fr\/vakumlu-seffaf-damak-protezi-vs-esnek-parsiyel-protez-hangisi-sizin-icin-daha-uygun\/","title":{"rendered":"Vakumlu \u015eeffaf Damak Protezi vs Esnek Parsiyel Protez: Hangisi Sizin \u0130\u00e7in Daha Uygun?"},"content":{"rendered":"<div data-elementor-type=\"wp-post\" data-elementor-id=\"9304\" class=\"elementor elementor-9304\" data-elementor-post-type=\"post\">\n\t\t\t\t<div class=\"elementor-element elementor-element-29325cd e-flex e-con-boxed e-con e-parent\" data-id=\"29325cd\" data-element_type=\"container\" data-settings=\"{&quot;_ha_eqh_enable&quot;:false}\" data-core-v316-plus=\"true\">\n\t\t\t\t\t<div class=\"e-con-inner\">\n\t\t\t\t<div class=\"elementor-element elementor-element-7c3e9c9 elementor-widget elementor-widget-text-editor\" data-id=\"7c3e9c9\" data-element_type=\"widget\" data-widget_type=\"text-editor.default\">\n\t\t\t\t<div class=\"elementor-widget-container\">\n\t\t\t<style>\/*! elementor - v3.20.0 - 26-03-2024 *\/\n.elementor-widget-text-editor.elementor-drop-cap-view-stacked .elementor-drop-cap{background-color:#69727d;color:#fff}.elementor-widget-text-editor.elementor-drop-cap-view-framed .elementor-drop-cap{color:#69727d;border:3px solid;background-color:transparent}.elementor-widget-text-editor:not(.elementor-drop-cap-view-default) .elementor-drop-cap{margin-top:8px}.elementor-widget-text-editor:not(.elementor-drop-cap-view-default) .elementor-drop-cap-letter{width:1em;height:1em}.elementor-widget-text-editor .elementor-drop-cap{float:left;text-align:center;line-height:1;font-size:50px}.elementor-widget-text-editor .elementor-drop-cap-letter{display:inline-block}<\/style>\t\t\t\t<p>Eksik di\u015flerin tamamlanmas\u0131, hem estetik hem de fonksiyonel a\u00e7\u0131dan b\u00fcy\u00fck \u00f6nem ta\u015f\u0131r. G\u00fcn\u00fcm\u00fczde bu ihtiyac\u0131 kar\u015f\u0131lamak i\u00e7in farkl\u0131 protez se\u00e7enekleri bulunmaktad\u0131r. Bunlar aras\u0131nda vakumlu \u015feffaf damak protezleri ve esnek parsiyel protezler, \u00f6zellikle estetik ve konfor beklentisi y\u00fcksek olan hastalar taraf\u0131ndan tercih edilmektedir. Her iki protez t\u00fcr\u00fc de farkl\u0131 avantajlar sunar ve se\u00e7im, ki\u015finin ihtiya\u00e7lar\u0131na g\u00f6re belirlenmelidir.<\/p><p><strong>Vakumlu \u015eeffaf Damak Protezi Nedir? Avantajlar\u0131 Nelerdir?<\/strong><\/p><p>Vakumlu \u015feffaf damak protezi, genellikle ge\u00e7ici ama\u00e7larla kullan\u0131lan, ince ve \u015feffaf bir materyalden \u00fcretilen protez t\u00fcr\u00fcd\u00fcr. Di\u015flerin \u00fczerine adeta bir plak gibi oturur ve d\u0131\u015far\u0131dan bak\u0131ld\u0131\u011f\u0131nda fark edilmesi olduk\u00e7a zordur. Estetik a\u00e7\u0131dan avantajl\u0131 olmas\u0131, bu protezin en \u00f6nemli tercih sebeplerinden biridir.<\/p><p>Bu protezler genellikle implant tedavisi \u00f6ncesinde veya di\u015f \u00e7ekimi sonras\u0131 iyile\u015fme s\u00fcrecinde ge\u00e7ici \u00e7\u00f6z\u00fcm olarak kullan\u0131l\u0131r. Hafif ve ince yap\u0131s\u0131 sayesinde a\u011f\u0131z i\u00e7inde rahats\u0131zl\u0131k hissi minimum d\u00fczeydedir. Ayr\u0131ca h\u0131zl\u0131 \u00fcretilebilmesi ve k\u0131sa s\u00fcrede uygulanabilmesi de \u00f6nemli bir avantajd\u0131r.<\/p><p>Ancak dayan\u0131kl\u0131l\u0131k a\u00e7\u0131s\u0131ndan kal\u0131c\u0131 protezlere g\u00f6re daha s\u0131n\u0131rl\u0131d\u0131r. Uzun s\u00fcreli kullan\u0131m i\u00e7in genellikle \u00f6nerilmez. Ayr\u0131ca sert yiyeceklerin t\u00fcketiminde dikkatli olunmas\u0131 gerekir.<\/p><p><strong>Esnek Parsiyel Protez Nedir? Avantajlar\u0131 Nelerdir?<\/strong><\/p><p>Esnek parsiyel protezler, \u00f6zel olarak geli\u015ftirilen esnek materyallerden \u00fcretilen ve a\u011f\u0131z yap\u0131s\u0131na kolayca uyum sa\u011flayan protezlerdir. Metal kancalar yerine di\u015f renginde esnek tutucular kullan\u0131ld\u0131\u011f\u0131 i\u00e7in estetik a\u00e7\u0131dan olduk\u00e7a ba\u015far\u0131l\u0131d\u0131r.<\/p><p>Bu protezlerin en b\u00fcy\u00fck avantajlar\u0131ndan biri konforlu olmas\u0131d\u0131r. Esnek yap\u0131s\u0131 sayesinde a\u011f\u0131z i\u00e7inde daha do\u011fal bir his verir ve konu\u015fma ile \u00e7i\u011fneme fonksiyonlar\u0131n\u0131 destekler. Ayn\u0131 zamanda k\u0131r\u0131lma riskinin d\u00fc\u015f\u00fck olmas\u0131, uzun s\u00fcreli kullan\u0131m a\u00e7\u0131s\u0131ndan avantaj sa\u011flar.<\/p><p>Di\u015f etine uyumlu yap\u0131s\u0131 sayesinde tahri\u015f riski de daha d\u00fc\u015f\u00fckt\u00fcr. Bu nedenle hassas di\u015f etine sahip bireyler i\u00e7in uygun bir se\u00e7enek olabilir. Hem estetik hem de fonksiyonel a\u00e7\u0131dan dengeli bir \u00e7\u00f6z\u00fcm sunar.<\/p><p><strong>Hangi Protez Daha Uygun?<\/strong><\/p><p>Vakumlu \u015feffaf damak protezleri genellikle ge\u00e7ici \u00e7\u00f6z\u00fcmler i\u00e7in idealdir. Estetik kayg\u0131s\u0131 olan ve k\u0131sa s\u00fcreli kullan\u0131m ihtiyac\u0131 bulunan hastalar i\u00e7in uygundur. \u00d6rne\u011fin, implant tedavisi s\u00fcrecinde di\u015fsiz kalmamak i\u00e7in tercih edilebilir.<\/p><p>Esnek parsiyel protezler ise daha uzun s\u00fcreli kullan\u0131m i\u00e7in uygundur. Dayan\u0131kl\u0131l\u0131\u011f\u0131, konforu ve estetik g\u00f6r\u00fcn\u00fcm\u00fc sayesinde kal\u0131c\u0131ya yak\u0131n bir \u00e7\u00f6z\u00fcm sunar. \u00d6zellikle birden fazla di\u015f eksikli\u011fi olan ve sabit protez yapt\u0131ramayan hastalar i\u00e7in iyi bir alternatiftir.<\/p><p><strong>\u00a0<\/strong><\/p><p><strong>\u0130htiyaca G\u00f6re Do\u011fru Se\u00e7im<\/strong><\/p><p>Her iki protez t\u00fcr\u00fc de farkl\u0131 ihtiya\u00e7lara y\u00f6nelik \u00e7\u00f6z\u00fcmler sunar. Vakumlu \u015feffaf protezler estetik ve ge\u00e7ici kullan\u0131m i\u00e7in \u00f6ne \u00e7\u0131karken, esnek parsiyel protezler uzun vadeli konfor ve dayan\u0131kl\u0131l\u0131k sa\u011flar.<\/p><p>Do\u011fru protez se\u00e7imi i\u00e7in di\u015f hekiminizin yapaca\u011f\u0131 detayl\u0131 de\u011ferlendirme b\u00fcy\u00fck \u00f6nem ta\u015f\u0131r. A\u011f\u0131z yap\u0131n\u0131z, di\u015f eksikli\u011finizin durumu ve beklentileriniz g\u00f6z \u00f6n\u00fcnde bulundurularak sizin i\u00e7in en uygun se\u00e7enek belirlenir. Sa\u011fl\u0131kl\u0131 ve estetik bir g\u00fcl\u00fc\u015f i\u00e7in do\u011fru planlama her zaman en iyi sonucu getirir.<\/p><p><strong><em>Bu metin genel bilgiler vermek amac\u0131yla haz\u0131rlanm\u0131\u015ft\u0131r. Her hasta i\u00e7in uygun tedavi y\u00f6ntemi farkl\u0131l\u0131k g\u00f6sterebilir ve bu nedenle mutlaka alan\u0131nda uzman bir di\u015f hekimiyle g\u00f6r\u00fc\u015f\u00fclmelidir. Di\u015f sa\u011fl\u0131\u011f\u0131yla ilgili herhangi bir karar vermeden \u00f6nce, hekiminizle detayl\u0131 bir muayene ve dan\u0131\u015fma s\u00fcreci ger\u00e7ekle\u015ftirmeniz b\u00fcy\u00fck \u00f6nem ta\u015f\u0131r. Bu yaz\u0131lar yaln\u0131zca bilgilendirme ama\u00e7l\u0131d\u0131r ve profesyonel t\u0131bbi tavsiye yerine ge\u00e7mez.<\/em><\/strong><\/p>\t\t\t\t\t\t<\/div>\n\t\t\t\t<\/div>\n\t\t\t\t\t<\/div>\n\t\t\t\t<\/div>\n\t\t\t\t<\/div>","protected":false},"excerpt":{"rendered":"<p>Eksik di\u015flerin tamamlanmas\u0131, hem estetik hem de fonksiyonel a\u00e7\u0131dan b\u00fcy\u00fck \u00f6nem ta\u015f\u0131r. G\u00fcn\u00fcm\u00fczde bu ihtiyac\u0131 kar\u015f\u0131lamak i\u00e7in farkl\u0131 protez se\u00e7enekleri bulunmaktad\u0131r. Bunlar aras\u0131nda vakumlu \u015feffaf damak protezleri ve esnek parsiyel protezler, \u00f6zellikle estetik ve konfor beklentisi y\u00fcksek olan hastalar taraf\u0131ndan tercih edilmektedir. Her iki protez t\u00fcr\u00fc de farkl\u0131 avantajlar sunar ve se\u00e7im, ki\u015finin ihtiya\u00e7lar\u0131na g\u00f6re [&hellip;]<\/p>","protected":false},"author":1,"featured_media":9305,"comment_status":"open","ping_status":"open","sticky":false,"template":"","format":"standard","meta":{"content-type":"","footnotes":""},"categories":[21],"tags":[],"class_list":["post-9304","post","type-post","status-publish","format-standard","has-post-thumbnail","hentry","category-haber-bulteni"],"yoast_head":"<!-- This site is optimized with the Yoast SEO plugin v23.3 - https:\/\/yoast.com\/wordpress\/plugins\/seo\/ -->\n<title>Vakumlu \u015eeffaf Damak Protezi vs Esnek Parsiyel Protez: Hangisi Sizin \u0130\u00e7in Daha Uygun? - Dental Estetik Center<\/title>\n<meta name=\"description\" content=\"Vakumlu \u015feffaf damak protezi, genellikle ge\u00e7ici ama\u00e7larla kullan\u0131lan, ince ve \u015feffaf bir materyalden \u00fcretilen protez t\u00fcr\u00fcd\u00fcr.\" \/>\n<meta name=\"robots\" content=\"index, follow, max-snippet:-1, max-image-preview:large, max-video-preview:-1\" \/>\n<link rel=\"canonical\" href=\"https:\/\/dentalestetikcenter.com\/fr\/vakumlu-seffaf-damak-protezi-vs-esnek-parsiyel-protez-hangisi-sizin-icin-daha-uygun\/\" \/>\n<meta property=\"og:locale\" content=\"fr_FR\" \/>\n<meta property=\"og:type\" content=\"article\" \/>\n<meta property=\"og:title\" content=\"Vakumlu \u015eeffaf Damak Protezi vs Esnek Parsiyel Protez: Hangisi Sizin \u0130\u00e7in Daha Uygun? - Dental Estetik Center\" \/>\n<meta property=\"og:description\" content=\"Vakumlu \u015feffaf damak protezi, genellikle ge\u00e7ici ama\u00e7larla kullan\u0131lan, ince ve \u015feffaf bir materyalden \u00fcretilen protez t\u00fcr\u00fcd\u00fcr.\" \/>\n<meta property=\"og:url\" content=\"https:\/\/dentalestetikcenter.com\/fr\/vakumlu-seffaf-damak-protezi-vs-esnek-parsiyel-protez-hangisi-sizin-icin-daha-uygun\/\" \/>\n<meta property=\"og:site_name\" content=\"Dental Estetik Center\" \/>\n<meta property=\"article:published_time\" content=\"2026-04-27T11:55:30+00:00\" \/>\n<meta property=\"article:modified_time\" content=\"2026-04-28T11:57:57+00:00\" \/>\n<meta property=\"og:image\" content=\"https:\/\/dentalestetikcenter.com\/wp-content\/uploads\/2026\/04\/Vakumlu-seffaf-damak-protezi.jpg\" \/>\n\t<meta property=\"og:image:width\" content=\"1024\" \/>\n\t<meta property=\"og:image:height\" content=\"1024\" \/>\n\t<meta property=\"og:image:type\" content=\"image\/jpeg\" \/>\n<meta name=\"author\" content=\"Dental\" \/>\n<meta name=\"twitter:card\" content=\"summary_large_image\" \/>\n<meta name=\"twitter:label1\" content=\"Written by\" \/>\n\t<meta name=\"twitter:data1\" content=\"Dental\" \/>\n\t<meta name=\"twitter:label2\" content=\"Est. reading time\" \/>\n\t<meta name=\"twitter:data2\" content=\"1 minute\" \/>\n<script type=\"application\/ld+json\" class=\"yoast-schema-graph\">{\"@context\":\"https:\/\/schema.org\",\"@graph\":[{\"@type\":\"Article\",\"@id\":\"https:\/\/dentalestetikcenter.com\/vakumlu-seffaf-damak-protezi-vs-esnek-parsiyel-protez-hangisi-sizin-icin-daha-uygun\/#article\",\"isPartOf\":{\"@id\":\"https:\/\/dentalestetikcenter.com\/vakumlu-seffaf-damak-protezi-vs-esnek-parsiyel-protez-hangisi-sizin-icin-daha-uygun\/\"},\"author\":{\"name\":\"Dental\",\"@id\":\"https:\/\/dentalestetikcenter.com\/#\/schema\/person\/2bc9935f3bbe90e820df8c8f8e6a56bd\"},\"headline\":\"Vakumlu \u015eeffaf Damak Protezi vs Esnek Parsiyel Protez: Hangisi Sizin \u0130\u00e7in Daha Uygun?\",\"datePublished\":\"2026-04-27T11:55:30+00:00\",\"dateModified\":\"2026-04-28T11:57:57+00:00\",\"mainEntityOfPage\":{\"@id\":\"https:\/\/dentalestetikcenter.com\/vakumlu-seffaf-damak-protezi-vs-esnek-parsiyel-protez-hangisi-sizin-icin-daha-uygun\/\"},\"wordCount\":675,\"commentCount\":0,\"publisher\":{\"@id\":\"https:\/\/dentalestetikcenter.com\/#organization\"},\"image\":{\"@id\":\"https:\/\/dentalestetikcenter.com\/vakumlu-seffaf-damak-protezi-vs-esnek-parsiyel-protez-hangisi-sizin-icin-daha-uygun\/#primaryimage\"},\"thumbnailUrl\":\"https:\/\/dentalestetikcenter.com\/wp-content\/uploads\/2026\/04\/Vakumlu-seffaf-damak-protezi.jpg\",\"articleSection\":[\"Haber B\u00fclteni\"],\"inLanguage\":\"fr-FR\",\"potentialAction\":[{\"@type\":\"CommentAction\",\"name\":\"Comment\",\"target\":[\"https:\/\/dentalestetikcenter.com\/vakumlu-seffaf-damak-protezi-vs-esnek-parsiyel-protez-hangisi-sizin-icin-daha-uygun\/#respond\"]}]},{\"@type\":\"WebPage\",\"@id\":\"https:\/\/dentalestetikcenter.com\/vakumlu-seffaf-damak-protezi-vs-esnek-parsiyel-protez-hangisi-sizin-icin-daha-uygun\/\",\"url\":\"https:\/\/dentalestetikcenter.com\/vakumlu-seffaf-damak-protezi-vs-esnek-parsiyel-protez-hangisi-sizin-icin-daha-uygun\/\",\"name\":\"Vakumlu \u015eeffaf Damak Protezi vs Esnek Parsiyel Protez: Hangisi Sizin \u0130\u00e7in Daha Uygun? - Dental Estetik Center\",\"isPartOf\":{\"@id\":\"https:\/\/dentalestetikcenter.com\/#website\"},\"primaryImageOfPage\":{\"@id\":\"https:\/\/dentalestetikcenter.com\/vakumlu-seffaf-damak-protezi-vs-esnek-parsiyel-protez-hangisi-sizin-icin-daha-uygun\/#primaryimage\"},\"image\":{\"@id\":\"https:\/\/dentalestetikcenter.com\/vakumlu-seffaf-damak-protezi-vs-esnek-parsiyel-protez-hangisi-sizin-icin-daha-uygun\/#primaryimage\"},\"thumbnailUrl\":\"https:\/\/dentalestetikcenter.com\/wp-content\/uploads\/2026\/04\/Vakumlu-seffaf-damak-protezi.jpg\",\"datePublished\":\"2026-04-27T11:55:30+00:00\",\"dateModified\":\"2026-04-28T11:57:57+00:00\",\"description\":\"Vakumlu \u015feffaf damak protezi, genellikle ge\u00e7ici ama\u00e7larla kullan\u0131lan, ince ve \u015feffaf bir materyalden \u00fcretilen protez t\u00fcr\u00fcd\u00fcr.\",\"breadcrumb\":{\"@id\":\"https:\/\/dentalestetikcenter.com\/vakumlu-seffaf-damak-protezi-vs-esnek-parsiyel-protez-hangisi-sizin-icin-daha-uygun\/#breadcrumb\"},\"inLanguage\":\"fr-FR\",\"potentialAction\":[{\"@type\":\"ReadAction\",\"target\":[\"https:\/\/dentalestetikcenter.com\/vakumlu-seffaf-damak-protezi-vs-esnek-parsiyel-protez-hangisi-sizin-icin-daha-uygun\/\"]}]},{\"@type\":\"ImageObject\",\"inLanguage\":\"fr-FR\",\"@id\":\"https:\/\/dentalestetikcenter.com\/vakumlu-seffaf-damak-protezi-vs-esnek-parsiyel-protez-hangisi-sizin-icin-daha-uygun\/#primaryimage\",\"url\":\"https:\/\/dentalestetikcenter.com\/wp-content\/uploads\/2026\/04\/Vakumlu-seffaf-damak-protezi.jpg\",\"contentUrl\":\"https:\/\/dentalestetikcenter.com\/wp-content\/uploads\/2026\/04\/Vakumlu-seffaf-damak-protezi.jpg\",\"width\":1024,\"height\":1024},{\"@type\":\"BreadcrumbList\",\"@id\":\"https:\/\/dentalestetikcenter.com\/vakumlu-seffaf-damak-protezi-vs-esnek-parsiyel-protez-hangisi-sizin-icin-daha-uygun\/#breadcrumb\",\"itemListElement\":[{\"@type\":\"ListItem\",\"position\":1,\"name\":\"Ana Sayfa\",\"item\":\"https:\/\/dentalestetikcenter.com\/\"},{\"@type\":\"ListItem\",\"position\":2,\"name\":\"Vakumlu \u015eeffaf Damak Protezi vs Esnek Parsiyel Protez: Hangisi Sizin \u0130\u00e7in Daha Uygun?\"}]},{\"@type\":\"WebSite\",\"@id\":\"https:\/\/dentalestetikcenter.com\/#website\",\"url\":\"https:\/\/dentalestetikcenter.com\/\",\"name\":\"Dental Estetik Center\",\"description\":\"D\u00fcnya Bizimle G\u00fcl\u00fcms\u00fcyor\",\"publisher\":{\"@id\":\"https:\/\/dentalestetikcenter.com\/#organization\"},\"potentialAction\":[{\"@type\":\"SearchAction\",\"target\":{\"@type\":\"EntryPoint\",\"urlTemplate\":\"https:\/\/dentalestetikcenter.com\/?s={search_term_string}\"},\"query-input\":\"required name=search_term_string\"}],\"inLanguage\":\"fr-FR\"},{\"@type\":\"Organization\",\"@id\":\"https:\/\/dentalestetikcenter.com\/#organization\",\"name\":\"Dental Estetik Center\",\"url\":\"https:\/\/dentalestetikcenter.com\/\",\"logo\":{\"@type\":\"ImageObject\",\"inLanguage\":\"fr-FR\",\"@id\":\"https:\/\/dentalestetikcenter.com\/#\/schema\/logo\/image\/\",\"url\":\"https:\/\/dentalestetikcenter.com\/wp-content\/uploads\/2025\/01\/cropped-logo-png.png\",\"contentUrl\":\"https:\/\/dentalestetikcenter.com\/wp-content\/uploads\/2025\/01\/cropped-logo-png.png\",\"width\":1584,\"height\":339,\"caption\":\"Dental Estetik Center\"},\"image\":{\"@id\":\"https:\/\/dentalestetikcenter.com\/#\/schema\/logo\/image\/\"}},{\"@type\":\"Person\",\"@id\":\"https:\/\/dentalestetikcenter.com\/#\/schema\/person\/2bc9935f3bbe90e820df8c8f8e6a56bd\",\"name\":\"Dental\",\"image\":{\"@type\":\"ImageObject\",\"inLanguage\":\"fr-FR\",\"@id\":\"https:\/\/dentalestetikcenter.com\/#\/schema\/person\/image\/\",\"url\":\"https:\/\/secure.gravatar.com\/avatar\/d3c30dc58fb94537ef50f6cd89dfe16d?s=96&d=mm&r=g\",\"contentUrl\":\"https:\/\/secure.gravatar.com\/avatar\/d3c30dc58fb94537ef50f6cd89dfe16d?s=96&d=mm&r=g\",\"caption\":\"Dental\"},\"sameAs\":[\"https:\/\/wordpress-1313768-4794498.cloudwaysapps.com\"]}]}<\/script>\n<!-- \/ Yoast SEO plugin. -->","yoast_head_json":{"title":"Vakumlu \u015eeffaf Damak Protezi vs Esnek Parsiyel Protez: Hangisi Sizin \u0130\u00e7in Daha Uygun? - Dental Estetik Center","description":"Vakumlu \u015feffaf damak protezi, genellikle ge\u00e7ici ama\u00e7larla kullan\u0131lan, ince ve \u015feffaf bir materyalden \u00fcretilen protez t\u00fcr\u00fcd\u00fcr.","robots":{"index":"index","follow":"follow","max-snippet":"max-snippet:-1","max-image-preview":"max-image-preview:large","max-video-preview":"max-video-preview:-1"},"canonical":"https:\/\/dentalestetikcenter.com\/fr\/vakumlu-seffaf-damak-protezi-vs-esnek-parsiyel-protez-hangisi-sizin-icin-daha-uygun\/","og_locale":"fr_FR","og_type":"article","og_title":"Vakumlu \u015eeffaf Damak Protezi vs Esnek Parsiyel Protez: Hangisi Sizin \u0130\u00e7in Daha Uygun? - Dental Estetik Center","og_description":"Vakumlu \u015feffaf damak protezi, genellikle ge\u00e7ici ama\u00e7larla kullan\u0131lan, ince ve \u015feffaf bir materyalden \u00fcretilen protez t\u00fcr\u00fcd\u00fcr.","og_url":"https:\/\/dentalestetikcenter.com\/fr\/vakumlu-seffaf-damak-protezi-vs-esnek-parsiyel-protez-hangisi-sizin-icin-daha-uygun\/","og_site_name":"Dental Estetik Center","article_published_time":"2026-04-27T11:55:30+00:00","article_modified_time":"2026-04-28T11:57:57+00:00","og_image":[{"width":1024,"height":1024,"url":"https:\/\/dentalestetikcenter.com\/wp-content\/uploads\/2026\/04\/Vakumlu-seffaf-damak-protezi.jpg","type":"image\/jpeg"}],"author":"Dental","twitter_card":"summary_large_image","twitter_misc":{"Written by":"Dental","Est. reading time":"1 minute"},"schema":{"@context":"https:\/\/schema.org","@graph":[{"@type":"Article","@id":"https:\/\/dentalestetikcenter.com\/vakumlu-seffaf-damak-protezi-vs-esnek-parsiyel-protez-hangisi-sizin-icin-daha-uygun\/#article","isPartOf":{"@id":"https:\/\/dentalestetikcenter.com\/vakumlu-seffaf-damak-protezi-vs-esnek-parsiyel-protez-hangisi-sizin-icin-daha-uygun\/"},"author":{"name":"Dental","@id":"https:\/\/dentalestetikcenter.com\/#\/schema\/person\/2bc9935f3bbe90e820df8c8f8e6a56bd"},"headline":"Vakumlu \u015eeffaf Damak Protezi vs Esnek Parsiyel Protez: Hangisi Sizin \u0130\u00e7in Daha Uygun?","datePublished":"2026-04-27T11:55:30+00:00","dateModified":"2026-04-28T11:57:57+00:00","mainEntityOfPage":{"@id":"https:\/\/dentalestetikcenter.com\/vakumlu-seffaf-damak-protezi-vs-esnek-parsiyel-protez-hangisi-sizin-icin-daha-uygun\/"},"wordCount":675,"commentCount":0,"publisher":{"@id":"https:\/\/dentalestetikcenter.com\/#organization"},"image":{"@id":"https:\/\/dentalestetikcenter.com\/vakumlu-seffaf-damak-protezi-vs-esnek-parsiyel-protez-hangisi-sizin-icin-daha-uygun\/#primaryimage"},"thumbnailUrl":"https:\/\/dentalestetikcenter.com\/wp-content\/uploads\/2026\/04\/Vakumlu-seffaf-damak-protezi.jpg","articleSection":["Haber B\u00fclteni"],"inLanguage":"fr-FR","potentialAction":[{"@type":"CommentAction","name":"Comment","target":["https:\/\/dentalestetikcenter.com\/vakumlu-seffaf-damak-protezi-vs-esnek-parsiyel-protez-hangisi-sizin-icin-daha-uygun\/#respond"]}]},{"@type":"WebPage","@id":"https:\/\/dentalestetikcenter.com\/vakumlu-seffaf-damak-protezi-vs-esnek-parsiyel-protez-hangisi-sizin-icin-daha-uygun\/","url":"https:\/\/dentalestetikcenter.com\/vakumlu-seffaf-damak-protezi-vs-esnek-parsiyel-protez-hangisi-sizin-icin-daha-uygun\/","name":"Vakumlu \u015eeffaf Damak Protezi vs Esnek Parsiyel Protez: Hangisi Sizin \u0130\u00e7in Daha Uygun? - Dental Estetik Center","isPartOf":{"@id":"https:\/\/dentalestetikcenter.com\/#website"},"primaryImageOfPage":{"@id":"https:\/\/dentalestetikcenter.com\/vakumlu-seffaf-damak-protezi-vs-esnek-parsiyel-protez-hangisi-sizin-icin-daha-uygun\/#primaryimage"},"image":{"@id":"https:\/\/dentalestetikcenter.com\/vakumlu-seffaf-damak-protezi-vs-esnek-parsiyel-protez-hangisi-sizin-icin-daha-uygun\/#primaryimage"},"thumbnailUrl":"https:\/\/dentalestetikcenter.com\/wp-content\/uploads\/2026\/04\/Vakumlu-seffaf-damak-protezi.jpg","datePublished":"2026-04-27T11:55:30+00:00","dateModified":"2026-04-28T11:57:57+00:00","description":"Vakumlu \u015feffaf damak protezi, genellikle ge\u00e7ici ama\u00e7larla kullan\u0131lan, ince ve \u015feffaf bir materyalden \u00fcretilen protez t\u00fcr\u00fcd\u00fcr.","breadcrumb":{"@id":"https:\/\/dentalestetikcenter.com\/vakumlu-seffaf-damak-protezi-vs-esnek-parsiyel-protez-hangisi-sizin-icin-daha-uygun\/#breadcrumb"},"inLanguage":"fr-FR","potentialAction":[{"@type":"ReadAction","target":["https:\/\/dentalestetikcenter.com\/vakumlu-seffaf-damak-protezi-vs-esnek-parsiyel-protez-hangisi-sizin-icin-daha-uygun\/"]}]},{"@type":"ImageObject","inLanguage":"fr-FR","@id":"https:\/\/dentalestetikcenter.com\/vakumlu-seffaf-damak-protezi-vs-esnek-parsiyel-protez-hangisi-sizin-icin-daha-uygun\/#primaryimage","url":"https:\/\/dentalestetikcenter.com\/wp-content\/uploads\/2026\/04\/Vakumlu-seffaf-damak-protezi.jpg","contentUrl":"https:\/\/dentalestetikcenter.com\/wp-content\/uploads\/2026\/04\/Vakumlu-seffaf-damak-protezi.jpg","width":1024,"height":1024},{"@type":"BreadcrumbList","@id":"https:\/\/dentalestetikcenter.com\/vakumlu-seffaf-damak-protezi-vs-esnek-parsiyel-protez-hangisi-sizin-icin-daha-uygun\/#breadcrumb","itemListElement":[{"@type":"ListItem","position":1,"name":"Ana Sayfa","item":"https:\/\/dentalestetikcenter.com\/"},{"@type":"ListItem","position":2,"name":"Vakumlu \u015eeffaf Damak Protezi vs Esnek Parsiyel Protez: Hangisi Sizin \u0130\u00e7in Daha Uygun?"}]},{"@type":"WebSite","@id":"https:\/\/dentalestetikcenter.com\/#website","url":"https:\/\/dentalestetikcenter.com\/","name":"Dental Estetik Center","description":"D\u00fcnya Bizimle G\u00fcl\u00fcms\u00fcyor","publisher":{"@id":"https:\/\/dentalestetikcenter.com\/#organization"},"potentialAction":[{"@type":"SearchAction","target":{"@type":"EntryPoint","urlTemplate":"https:\/\/dentalestetikcenter.com\/?s={search_term_string}"},"query-input":"required name=search_term_string"}],"inLanguage":"fr-FR"},{"@type":"Organization","@id":"https:\/\/dentalestetikcenter.com\/#organization","name":"Dental Estetik Center","url":"https:\/\/dentalestetikcenter.com\/","logo":{"@type":"ImageObject","inLanguage":"fr-FR","@id":"https:\/\/dentalestetikcenter.com\/#\/schema\/logo\/image\/","url":"https:\/\/dentalestetikcenter.com\/wp-content\/uploads\/2025\/01\/cropped-logo-png.png","contentUrl":"https:\/\/dentalestetikcenter.com\/wp-content\/uploads\/2025\/01\/cropped-logo-png.png","width":1584,"height":339,"caption":"Dental Estetik Center"},"image":{"@id":"https:\/\/dentalestetikcenter.com\/#\/schema\/logo\/image\/"}},{"@type":"Person","@id":"https:\/\/dentalestetikcenter.com\/#\/schema\/person\/2bc9935f3bbe90e820df8c8f8e6a56bd","name":"Dental","image":{"@type":"ImageObject","inLanguage":"fr-FR","@id":"https:\/\/dentalestetikcenter.com\/#\/schema\/person\/image\/","url":"https:\/\/secure.gravatar.com\/avatar\/d3c30dc58fb94537ef50f6cd89dfe16d?s=96&d=mm&r=g","contentUrl":"https:\/\/secure.gravatar.com\/avatar\/d3c30dc58fb94537ef50f6cd89dfe16d?s=96&d=mm&r=g","caption":"Dental"},"sameAs":["https:\/\/wordpress-1313768-4794498.cloudwaysapps.com"]}]}},"_links":{"self":[{"href":"https:\/\/dentalestetikcenter.com\/fr\/wp-json\/wp\/v2\/posts\/9304"}],"collection":[{"href":"https:\/\/dentalestetikcenter.com\/fr\/wp-json\/wp\/v2\/posts"}],"about":[{"href":"https:\/\/dentalestetikcenter.com\/fr\/wp-json\/wp\/v2\/types\/post"}],"author":[{"embeddable":true,"href":"https:\/\/dentalestetikcenter.com\/fr\/wp-json\/wp\/v2\/users\/1"}],"replies":[{"embeddable":true,"href":"https:\/\/dentalestetikcenter.com\/fr\/wp-json\/wp\/v2\/comments?post=9304"}],"version-history":[{"count":4,"href":"https:\/\/dentalestetikcenter.com\/fr\/wp-json\/wp\/v2\/posts\/9304\/revisions"}],"predecessor-version":[{"id":9309,"href":"https:\/\/dentalestetikcenter.com\/fr\/wp-json\/wp\/v2\/posts\/9304\/revisions\/9309"}],"wp:featuredmedia":[{"embeddable":true,"href":"https:\/\/dentalestetikcenter.com\/fr\/wp-json\/wp\/v2\/media\/9305"}],"wp:attachment":[{"href":"https:\/\/dentalestetikcenter.com\/fr\/wp-json\/wp\/v2\/media?parent=9304"}],"wp:term":[{"taxonomy":"category","embeddable":true,"href":"https:\/\/dentalestetikcenter.com\/fr\/wp-json\/wp\/v2\/categories?post=9304"},{"taxonomy":"post_tag","embeddable":true,"href":"https:\/\/dentalestetikcenter.com\/fr\/wp-json\/wp\/v2\/tags?post=9304"}],"curies":[{"name":"wp","href":"https:\/\/api.w.org\/{rel}","templated":true}]}}